{"id":27733,"global_id":"hausen-aulatal.de?id=27733","global_id_lineage":["hausen-aulatal.de?id=27733"],"author":"3","status":"publish","date":"2025-08-28 09:58:10","date_utc":"2025-08-28 07:58:10","modified":"2025-08-28 10:59:22","modified_utc":"2025-08-28 08:59:22","url":"https:\/\/hausen-aulatal.de\/?tribe_events=timme-in-der-kulturkirche-oberaula-auf","rest_url":"https:\/\/hausen-aulatal.de\/index.php?rest_route=\/tribe\/events\/v1\/events\/27733","title":"TIMME in der KulturKirche Oberaula auf","description":"<p style=\"text-align: center;\"><a href=\"https:\/\/hausen-aulatal.de\/wp-content\/uploads\/2025\/08\/TIMME13-09-2025.jpg\"><img loading=\"lazy\" decoding=\"async\" class=\"alignnone size-full wp-image-27730\" src=\"https:\/\/hausen-aulatal.de\/wp-content\/uploads\/2025\/08\/TIMME13-09-2025.jpg\" alt=\"\" width=\"1920\" height=\"1280\" srcset=\"https:\/\/hausen-aulatal.de\/wp-content\/uploads\/2025\/08\/TIMME13-09-2025.jpg 1920w, https:\/\/hausen-aulatal.de\/wp-content\/uploads\/2025\/08\/TIMME13-09-2025-300x200.jpg 300w, https:\/\/hausen-aulatal.de\/wp-content\/uploads\/2025\/08\/TIMME13-09-2025-1024x683.jpg 1024w, https:\/\/hausen-aulatal.de\/wp-content\/uploads\/2025\/08\/TIMME13-09-2025-768x512.jpg 768w, https:\/\/hausen-aulatal.de\/wp-content\/uploads\/2025\/08\/TIMME13-09-2025-1536x1024.jpg 1536w\" sizes=\"(max-width: 1920px) 100vw, 1920px\" \/><\/a><\/p>\n<h6 style=\"text-align: right;\"><strong>\u00a0(Foto: KulturKirche Oberaula)<\/strong><\/h6>\n<h4>Mit 12 Jahren stand Tim Maier bereits zum ersten Mal mit seiner Gitarre auf der B\u00fchne. Eine Stra\u00dfenmusiktour durch den S\u00fcden Deutschlands war nicht nur der Startschuss zum Solo-Projekt TIMME, sie zeigt auch seine Leidenschaft f\u00fcr authentische, akustische Musik \u2013 \u201eDas Unterwegssein\u201c, so sagt er \u201ehat mich zu Neuem inspiriert&#8220;.<\/h4>\n<p><strong>TIMME<\/strong> steht f\u00fcr unverbl\u00fcmt ehrliche Texte. Eingebettet in rhythmisch \u00fcberlegte und organisch produzierte Arrangements. Tim Maier wird bei seinen Konzerten von David Hentzschel (Gitarre) und Niklas Strau\u00df (Piano) begleitet.<\/p>\n<p>Die eigenst\u00e4ndigen Songs des Musikers, der aus dem Raum Stuttgart stammt, werden auch von den Medien wahrgenommen. So gab es z.B. eine Unplugged-Session beim SWR1 Baden-W\u00fcrttemberg, Plays bei BigFM und SWR3, TV-Berichte im Fernsehen sowie Platzierungen in offiziellen Spotify-Playlists. Auf YouTube erhalten seine Videos mehrere tausend Aufrufe.<\/p>\n<p><strong>Am Samstag, 13. September 2025 um 19:00 Uhr tritt TIMME in der KulturKirche Oberaula auf.<\/strong><\/p>\n<p>VVK 18,00 \u20ac \/ TK 22,00 \u20ac<br \/>\nIde \u2013 Uhren-Optik-Schmuck, Oberaula<br \/>\nParkhotel zum Stern, Oberaula<br \/>\nwww.ticket-regional.de<\/p>\n<p>Einlass ist ab 18:30 Uhr. Generell gilt freie Platzwahl.<br \/>\n<strong>Veranstaltungsort<\/strong><br \/>\nOberaula<br \/>\nKulturKirche Oberaula<br \/>\nBirketstra\u00dfe 16<br \/>\n36280 Oberaula<br \/>\n<strong>Veranstalter<\/strong><br \/>\nGemeinsam f\u00fcr Oberaula e.V. (GfO)<br \/>\nHersfelder Str. 4<br \/>\n36280 Oberaula<br \/>\n(+49 171) 3452869<br \/>\nE-Mail: Kontakt@KulturKirche-Oberaula.de<br \/>\nkulturkirche-oberaula.de<\/p>","excerpt":"","slug":"timme-in-der-kulturkirche-oberaula-auf","image":false,"all_day":false,"start_date":"2025-09-13 19:00:00","start_date_details":{"year":"2025","month":"09","day":"13","hour":"19","minutes":"00","seconds":"00"},"end_date":"2025-09-13 21:00:00","end_date_details":{"year":"2025","month":"09","day":"13","hour":"21","minutes":"00","seconds":"00"},"utc_start_date":"2025-09-13 17:00:00","utc_start_date_details":{"year":"2025","month":"09","day":"13","hour":"17","minutes":"00","seconds":"00"},"utc_end_date":"2025-09-13 19:00:00","utc_end_date_details":{"year":"2025","month":"09","day":"13","hour":"19","minutes":"00","seconds":"00"},"timezone":"Europe\/Berlin","timezone_abbr":"CEST","cost":"","cost_details":{"currency_symbol":"","currency_code":"","currency_position":"","values":[]},"website":"","show_map":true,"show_map_link":true,"hide_from_listings":false,"sticky":false,"featured":false,"categories":[],"tags":[],"venue":{"id":26773,"author":"3","status":"publish","date":"2025-04-06 08:05:53","date_utc":"0000-00-00 00:00:00","modified":"2025-04-06 08:05:53","modified_utc":"0000-00-00 00:00:00","url":"https:\/\/hausen-aulatal.de\/?tribe_venue=kulturkirche-oberaula","venue":"KulturKirche Oberaula","slug":"kulturkirche-oberaula","json_ld":{"@type":"Place","name":"KulturKirche Oberaula","description":"","url":"","address":{"@type":"PostalAddress"},"telephone":"","sameAs":""},"show_map":true,"show_map_link":true,"global_id":"hausen-aulatal.de?id=26773","global_id_lineage":["hausen-aulatal.de?id=26773"]},"organizer":[],"custom_fields":[],"json_ld":{"@context":"http:\/\/schema.org","@type":"Event","name":"TIMME in der KulturKirche Oberaula auf","description":"&lt;p&gt;\u00a0(Foto: KulturKirche Oberaula) Mit 12 Jahren stand Tim Maier bereits zum ersten Mal mit seiner Gitarre auf der B\u00fchne. Eine Stra\u00dfenmusiktour durch den S\u00fcden Deutschlands war nicht nur der Startschuss [&hellip;]&lt;\/p&gt;\\n","url":"https:\/\/hausen-aulatal.de\/?tribe_events=timme-in-der-kulturkirche-oberaula-auf","eventAttendanceMode":"https:\/\/schema.org\/OfflineEventAttendanceMode","eventStatus":"https:\/\/schema.org\/EventScheduled","startDate":"2025-09-13T19:00:00+02:00","endDate":"2025-09-13T21:00:00+02:00","location":{"@type":"Place","name":"KulturKirche Oberaula","description":"","url":"","address":{"@type":"PostalAddress"},"telephone":"","sameAs":""},"performer":"Organization"},"ticketed":false}