{"id":28381,"global_id":"hausen-aulatal.de?id=28381","global_id_lineage":["hausen-aulatal.de?id=28381"],"author":"3","status":"publish","date":"2025-11-19 09:50:24","date_utc":"2025-11-19 08:50:24","modified":"2025-11-19 09:50:24","modified_utc":"2025-11-19 08:50:24","url":"https:\/\/hausen-aulatal.de\/?tribe_events=weihnachtsmarkt-gestuet-hoeny","rest_url":"https:\/\/hausen-aulatal.de\/index.php?rest_route=\/tribe\/events\/v1\/events\/28381","title":"Weihnachtsmarkt Gest\u00fct H\u00f6ny","description":"<p style=\"text-align: center;\"><a href=\"https:\/\/hausen-aulatal.de\/wp-content\/uploads\/2025\/11\/abbbe0b2-05eb-40a9-bd24-75a6ddce943e.jpeg\"><img loading=\"lazy\" decoding=\"async\" class=\"alignnone size-full wp-image-28369\" src=\"https:\/\/hausen-aulatal.de\/wp-content\/uploads\/2025\/11\/abbbe0b2-05eb-40a9-bd24-75a6ddce943e.jpeg\" alt=\"\" width=\"2048\" height=\"2048\" srcset=\"https:\/\/hausen-aulatal.de\/wp-content\/uploads\/2025\/11\/abbbe0b2-05eb-40a9-bd24-75a6ddce943e.jpeg 2048w, https:\/\/hausen-aulatal.de\/wp-content\/uploads\/2025\/11\/abbbe0b2-05eb-40a9-bd24-75a6ddce943e-300x300.jpeg 300w, https:\/\/hausen-aulatal.de\/wp-content\/uploads\/2025\/11\/abbbe0b2-05eb-40a9-bd24-75a6ddce943e-1024x1024.jpeg 1024w, https:\/\/hausen-aulatal.de\/wp-content\/uploads\/2025\/11\/abbbe0b2-05eb-40a9-bd24-75a6ddce943e-150x150.jpeg 150w, https:\/\/hausen-aulatal.de\/wp-content\/uploads\/2025\/11\/abbbe0b2-05eb-40a9-bd24-75a6ddce943e-768x768.jpeg 768w, https:\/\/hausen-aulatal.de\/wp-content\/uploads\/2025\/11\/abbbe0b2-05eb-40a9-bd24-75a6ddce943e-1536x1536.jpeg 1536w\" sizes=\"(max-width: 2048px) 100vw, 2048px\" \/><\/a><\/p>\n<h1 style=\"text-align: center;\"><strong>\ud83c\udf84 Weihnachtsmarkt auf dem Gest\u00fct H\u00f6ny \ud83c\udf84<\/strong><\/h1>\n<p>&nbsp;<\/p>\n<h3><strong>\ud83d\udccd Am Birket 1, 36280 Oberaula<\/strong><br \/>\n<strong>\ud83d\udcc5 23.12.2025<\/strong><br \/>\n<strong>\u23f0 ab 17:00 Uhr<\/strong><\/h3>\n<p>&nbsp;<\/p>\n<p><strong>Am 23. Dezember \u00f6ffnen wir unser Gest\u00fct H\u00f6ny f\u00fcr einen gem\u00fctlichen Weihnachtsmarkt. In einer geselligen Runde wollen wir gemeinsam in die Weihnachtsfeiertage starten.<\/strong><\/p>\n<p><strong>\u2728 Was euch erwartet:<\/strong><br \/>\n* Gl\u00fchwein &amp; hei\u00dfe Getr\u00e4nke<br \/>\n* Bier und weitere Kaltgetr\u00e4nke<br \/>\n* Bratwurst, Pommes, s\u00fc\u00dfe Leckereien und mehr<br \/>\n* M\u00f6glichkeit, das Gest\u00fct zu besichtigen<br \/>\n* Ponyreiten f\u00fcr unsere kleinen Besucher \ud83d\udc34<br \/>\n* Live-Musik auf dem Akkordeon f\u00fcr die richtige Weihnachtsstimmung \ud83e\uddd1\u200d\ud83c\udf84 \ud83e\ude97<\/p>\n<h4>\ud83e\udd1d <strong>Unterst\u00fctzt wird der Weihnachtsmarkt von:<\/strong><br \/>\n* dem Heimatverein Hausen<br \/>\n* dem Reitverein Oberaula<br \/>\n* der Freiwilligen Feuerwehr Oberaula<\/h4>\n<p>Sollten noch weitere Gruppen oder Vereine Interesse haben ihre Vereinskassen aufzubessern und einen Stand zu betreuen, k\u00f6nnt ihr euch gerne bei uns melden \u263a\ufe0f<\/p>\n<p>Wir freuen uns \u00fcber jeden, der vorbeikommt und mit uns ein paar sch\u00f6ne Stunden verbringt.<br \/>\nBis zum 23.! \ud83c\udf85\ud83c\udf81<\/p>\n<p><strong>Viele Gr\u00fc\u00dfe <\/strong><br \/>\n<strong>Familie Schlumbohm<\/strong><\/p>","excerpt":"","slug":"weihnachtsmarkt-gestuet-hoeny","image":false,"all_day":false,"start_date":"2025-12-23 17:00:00","start_date_details":{"year":"2025","month":"12","day":"23","hour":"17","minutes":"00","seconds":"00"},"end_date":"2025-12-23 22:00:00","end_date_details":{"year":"2025","month":"12","day":"23","hour":"22","minutes":"00","seconds":"00"},"utc_start_date":"2025-12-23 16:00:00","utc_start_date_details":{"year":"2025","month":"12","day":"23","hour":"16","minutes":"00","seconds":"00"},"utc_end_date":"2025-12-23 21:00:00","utc_end_date_details":{"year":"2025","month":"12","day":"23","hour":"21","minutes":"00","seconds":"00"},"timezone":"Europe\/Berlin","timezone_abbr":"CET","cost":"","cost_details":{"currency_symbol":"","currency_code":"","currency_position":"","values":[]},"website":"","show_map":true,"show_map_link":true,"hide_from_listings":false,"sticky":false,"featured":false,"categories":[],"tags":[],"venue":[],"organizer":[],"custom_fields":[],"json_ld":{"@context":"http:\/\/schema.org","@type":"Event","name":"Weihnachtsmarkt Gest\u00fct H\u00f6ny","description":"&lt;p&gt;\ud83c\udf84 Weihnachtsmarkt auf dem Gest\u00fct H\u00f6ny \ud83c\udf84 &nbsp; \ud83d\udccd Am Birket 1, 36280 Oberaula \ud83d\udcc5 23.12.2025 \u23f0 ab 17:00 Uhr &nbsp; Am 23. Dezember \u00f6ffnen wir unser Gest\u00fct H\u00f6ny f\u00fcr [&hellip;]&lt;\/p&gt;\\n","url":"https:\/\/hausen-aulatal.de\/?tribe_events=weihnachtsmarkt-gestuet-hoeny","eventAttendanceMode":"https:\/\/schema.org\/OfflineEventAttendanceMode","eventStatus":"https:\/\/schema.org\/EventScheduled","startDate":"2025-12-23T17:00:00+01:00","endDate":"2025-12-23T22:00:00+01:00","performer":"Organization"},"ticketed":false}