{"id":14263,"date":"2020-12-18T23:25:54","date_gmt":"2020-12-18T22:25:54","guid":{"rendered":"http:\/\/hausen-aulatal.de\/?p=14263"},"modified":"2020-12-20T12:58:56","modified_gmt":"2020-12-20T11:58:56","slug":"peter-bickhardt-wird-90-jahre-alt","status":"publish","type":"post","link":"https:\/\/hausen-aulatal.de\/?p=14263","title":{"rendered":"Einzigartige Erfolgsgeschichte"},"content":{"rendered":"<p style=\"text-align: center;\"><a href=\"https:\/\/hausen-aulatal.de\/wp-content\/uploads\/2016\/08\/Logo-osthessen-news.png\"><img loading=\"lazy\" decoding=\"async\" class=\"alignnone size-full wp-image-6344\" src=\"https:\/\/hausen-aulatal.de\/wp-content\/uploads\/2016\/08\/Logo-osthessen-news.png\" alt=\"\" width=\"461\" height=\"90\" srcset=\"https:\/\/hausen-aulatal.de\/wp-content\/uploads\/2016\/08\/Logo-osthessen-news.png 461w, https:\/\/hausen-aulatal.de\/wp-content\/uploads\/2016\/08\/Logo-osthessen-news-300x58.png 300w\" sizes=\"(max-width: 461px) 100vw, 461px\" \/><\/a><\/p>\n<p style=\"text-align: center;\">20.12.2020<\/p>\n<h1><strong>Happy Birthday! <\/strong><\/h1>\n<h3><strong>Bickhardt Bau-Gr\u00fcnder Peter Bickhardt wird heute 90<\/strong><\/h3>\n<p style=\"text-align: center;\"><a href=\"https:\/\/hausen-aulatal.de\/wp-content\/uploads\/2020\/12\/P-Bickhardt90Geb-osthessennews01.png\"><img loading=\"lazy\" decoding=\"async\" class=\"alignnone size-full wp-image-14273\" src=\"https:\/\/hausen-aulatal.de\/wp-content\/uploads\/2020\/12\/P-Bickhardt90Geb-osthessennews01.png\" alt=\"\" width=\"728\" height=\"350\" srcset=\"https:\/\/hausen-aulatal.de\/wp-content\/uploads\/2020\/12\/P-Bickhardt90Geb-osthessennews01.png 728w, https:\/\/hausen-aulatal.de\/wp-content\/uploads\/2020\/12\/P-Bickhardt90Geb-osthessennews01-300x144.png 300w\" sizes=\"(max-width: 728px) 100vw, 728px\" \/><\/a><\/p>\n<h6>Unternehmerpers\u00f6nlichkeit: Peter Bickhardt feiert am 20. Dezember seinen 90. Geburtstag. &#8211; Foto: Hendrik Urbin \/ Bickhardt Bau<\/h6>\n<p style=\"text-align: justify;\">Weitsicht, Innovation, Leidenschaft und Hartn\u00e4ckigkeit zeichnen ihn bis heute aus. Der Bauunternehmer und Vision\u00e4r Peter Bickhardt feiert am Sonntag in der Festspielstadt Bad Hersfeld seinen 90. Geburtstag &#8211; gut gelaunt, zufrieden und bei bester Gesundheit. Wegen Corona gibt es keine gro\u00dfe Feier &#8211; die Gratulation erfolgt digital, per Telefon oder per Brief. Dennoch kann der Jubilar auf eine &#8222;einzigartige Erfolgsgeschichte&#8220; zur\u00fcckblicken, wie Weggef\u00e4hrten gegen\u00fcber OSTHESSEN|NEWS berichten.<\/p>\n<p style=\"text-align: justify;\"><a href=\"https:\/\/hausen-aulatal.de\/wp-content\/uploads\/2020\/12\/P-Bickhardt90Geb-osthessennews2-3.png\"><img loading=\"lazy\" decoding=\"async\" class=\" wp-image-14274 alignleft\" src=\"https:\/\/hausen-aulatal.de\/wp-content\/uploads\/2020\/12\/P-Bickhardt90Geb-osthessennews2-3.png\" alt=\"\" width=\"290\" height=\"457\" srcset=\"https:\/\/hausen-aulatal.de\/wp-content\/uploads\/2020\/12\/P-Bickhardt90Geb-osthessennews2-3.png 364w, https:\/\/hausen-aulatal.de\/wp-content\/uploads\/2020\/12\/P-Bickhardt90Geb-osthessennews2-3-190x300.png 190w\" sizes=\"(max-width: 290px) 100vw, 290px\" \/><\/a>Der aus Kirchheim stammende Diplom-Ingenieur ist Gr\u00fcnder der Bickhardt Bau AG, einer der gr\u00f6\u00dften Arbeitgeber in der Region Nord-Osthessen. Das Unternehmen feiert in wenigen Tagen sein 50-j\u00e4hriges Jubil\u00e4um. Voller Stolz und Freude blickt Firmen-Gr\u00fcnder Bickhardt in diesem Tagen auf sein Lebenswerk zur\u00fcck. Im Januar 1971 gegr\u00fcndete er mit zwei Kommanditisten die Bickhardt Baugesellschaft mbH &amp; Co. Stra\u00dfen- und Tiefbau KG. F\u00fcnf Jahrzehnte sp\u00e4ter z\u00e4hlt die BB-Unternehmensgruppe mit rund 2.500 Mitarbeiter:innen und einer Bauleistung von 500 Millionen Euro zu den f\u00fchrenden, mittelst\u00e4ndisch gepr\u00e4gten Bauunternehmen in Deutschland.<\/p>\n<p style=\"text-align: justify;\">Peter Bickhardt wurde am 20. Dezember 1930 in Gersdorf geboren. Nach der Volksschule besuchte er die Alte Klosterschule in Bad Hersfeld, die er zum Kriegsende mit der Mittleren Reife verlie\u00df. W\u00e4hrend einer Maurerlehre im Gesch\u00e4ft seines Gro\u00dfvaters Valentin Bickhardt lernte er das Bauhandwerk von der Pike auf kennen. Nach einem Studium an der Staatsbauschule Darmstadt erwarb er den Abschluss als graduierter Bauingenieur. 1954 trat Peter Bickhardt als technischer Angestellter beim neu geschaffenen Tiefbauamt der Stadt Bad Hersfeld ein. Er plante und leitete unter anderem den Neubau des damaligen Stadions im Jahnpark und des Geistalbades. Anschlie\u00dfend war er einige Jahre f\u00fcr das Stra\u00dfenbauamt Bad Hersfeld t\u00e4tig, bis er 1960 von der Auftraggeber- auf die Auftragnehmerseite wechselte.<\/p>\n<p><a href=\"https:\/\/hausen-aulatal.de\/wp-content\/uploads\/2020\/12\/P-Bickhardt90Geb-osthessennews4-6.png\"><img loading=\"lazy\" decoding=\"async\" class=\"alignnone size-full wp-image-14275\" src=\"https:\/\/hausen-aulatal.de\/wp-content\/uploads\/2020\/12\/P-Bickhardt90Geb-osthessennews4-6.png\" alt=\"\" width=\"1077\" height=\"336\" srcset=\"https:\/\/hausen-aulatal.de\/wp-content\/uploads\/2020\/12\/P-Bickhardt90Geb-osthessennews4-6.png 1077w, https:\/\/hausen-aulatal.de\/wp-content\/uploads\/2020\/12\/P-Bickhardt90Geb-osthessennews4-6-300x94.png 300w, https:\/\/hausen-aulatal.de\/wp-content\/uploads\/2020\/12\/P-Bickhardt90Geb-osthessennews4-6-1024x319.png 1024w, https:\/\/hausen-aulatal.de\/wp-content\/uploads\/2020\/12\/P-Bickhardt90Geb-osthessennews4-6-768x240.png 768w\" sizes=\"(max-width: 1077px) 100vw, 1077px\" \/><\/a><\/p>\n<p style=\"text-align: justify;\">Nach seiner T\u00e4tigkeit f\u00fcr die Stra\u00dfenbaufirma Iffland in Alsfeld&nbsp;&#8211; zuletzt als technischer Gesch\u00e4ftsf\u00fchrer &#8211; verwirklichte Peter Bickhardt wenige Tage nach seinem 40. Geburtstag den Wunsch, sich selbstst\u00e4ndig zu machen. Mit 35 gewerblichen Mitarbeitern und neun Angestellten ging das junge Unternehmen im Januar 1971 in einer bescheidenen B\u00fcrobehausung an der Friedhofstra\u00dfe in Kirchheim an den Start. Vier Jahre sp\u00e4ter kam die erste \u00d6lkrise &#8211; und sie brachte die Bauwirtschaft in wirtschaftliche Not. Peter Bickhardt bewies in dieser Zeit Wagemut und unternehmerische Weitsicht: Er \u00fcbernahm 1974 nicht nur s\u00e4mtliche Mitarbeiter der in die Insolvenz geratenen Firma Iffland, sondern auch alle Auftr\u00e4ge. Die Mitarbeiterzahl stieg \u00fcber Nacht auf \u00fcber 300.<\/p>\n<h3 style=\"text-align: justify;\">Peter Bickhardt ist Ehrenvorsitzender im Aufsichtsrat<\/h3>\n<p style=\"text-align: justify;\">Das war der Beginn einer Entwicklung, die zum klassischen mittelst\u00e4ndischen Stra\u00dfenbau-Unternehmen f\u00fchrte. Meilensteine auf diesem Weg waren der Bau der ICE-Schnellbahntrasse Hannover\u2013W\u00fcrzburg und in 1989 die Grenz\u00f6ffnung. Die Deutsche Einheit und die Ausweitung der T\u00e4tigkeiten in die neuen Bundesl\u00e4nder f\u00fchrte auch zu einem deutlichen Anstieg der Belegschaft. In dieser Zeit legte Peter Bickhardt den Grundstein f\u00fcr die weitere Entwicklung zum Komplettanbieter f\u00fcr den Verkehrswegebau.<\/p>\n<p style=\"text-align: justify;\">Nachdem die Baufirmen der Region jahrzehntelang im ehemaligen Zonenrandgebiet &#8222;mit dem R\u00fccken zur Wand&#8220; standen, nutzten sie beim Aufbruch in Richtung Osten den Standortvorteil. Bickhardt Bau gr\u00fcndete fr\u00fchzeitig im Osten Deutschlands mehrere Tochtergesellschaften und stieg in die Baustoffproduktion ein.&nbsp;<\/p>\n<p style=\"text-align: justify;\">Mit der Umwandlung der Kommanditgesellschaft in eine nicht-b\u00f6rsennotierte Aktiengesellschaft 1993 wurde die Steuerung des gesamten Unternehmens zukunftsf\u00e4hig gestaltet. 1998 \u00fcbergab Peter Bickhardt nach 27 Jahren an der Unternehmensspitze das operative Gesch\u00e4ft an den heutigen Vorstandsvorsitzenden Diplom-Ingenieur Ralf Sch\u00e4r. Als Aufsichtsratsvorsitzender begleitete Bickhardt weitere 14 Jahre die positive wirtschaftliche Entwicklung der Bickhardt Bau AG, und wurde zum 1. Januar 2012 zum Ehrenvorsitzenden des Aufsichtsrats auf Lebenszeit ernannt.<\/p>\n<p><a href=\"https:\/\/hausen-aulatal.de\/wp-content\/uploads\/2020\/12\/P-Bickhardt90Geb-osthessennews7-9.png\"><img loading=\"lazy\" decoding=\"async\" class=\"alignnone size-full wp-image-14276\" src=\"https:\/\/hausen-aulatal.de\/wp-content\/uploads\/2020\/12\/P-Bickhardt90Geb-osthessennews7-9.png\" alt=\"\" width=\"1077\" height=\"315\" srcset=\"https:\/\/hausen-aulatal.de\/wp-content\/uploads\/2020\/12\/P-Bickhardt90Geb-osthessennews7-9.png 1077w, https:\/\/hausen-aulatal.de\/wp-content\/uploads\/2020\/12\/P-Bickhardt90Geb-osthessennews7-9-300x88.png 300w, https:\/\/hausen-aulatal.de\/wp-content\/uploads\/2020\/12\/P-Bickhardt90Geb-osthessennews7-9-1024x299.png 1024w, https:\/\/hausen-aulatal.de\/wp-content\/uploads\/2020\/12\/P-Bickhardt90Geb-osthessennews7-9-768x225.png 768w\" sizes=\"(max-width: 1077px) 100vw, 1077px\" \/><\/a><\/p>\n<p style=\"text-align: justify;\">\u00dcber sein Leben f\u00fcr und mit dem Bau hinaus ist Peter Bickhardt in vielen Bereichen sozial und gesellschaftlich engagiert. Er geh\u00f6rt vielen Vereinen und Verb\u00e4nden an, ist seit \u00fcber vier Jahrzehnten Rotarier und gr\u00fcndete 1987 den Kurhessischen Golfclub Oberaula\/Bad Hersfeld e.V., dem er \u00fcber ein Vierteljahrhundert als Pr\u00e4sident vorstand. F\u00fcr sein vielf\u00e4ltiges ehrenamtliches Engagement wurde er bereits anl\u00e4sslich seines 65. Geburtstages mit dem Bundesverdienstkreuz am Bande ausgezeichnet. Dar\u00fcber hinaus hat die Gemeinde Oberaula die Zufahrtsstra\u00dfe zum Golfclub nach ihm benannt: Peter-Bickhardt-Allee.&nbsp;<\/p>\n<p style=\"text-align: justify;\">Der Vollblut-Unternehmer hat sich \u00fcber die Landesgrenzen hinaus einen Namen erarbeitet, die Marke Bickhardt Bau bekannt gemacht, pers\u00f6nlich viel geleistet und die Region gepr\u00e4gt. Happy Birthday, Peter Bickhardt! (Christian P. Stadtfeld)<\/p>\n<hr \/>\n<p><a href=\"https:\/\/hausen-aulatal.de\/wp-content\/uploads\/2020\/12\/PeterBickhardt90Geb20201219HZ.png\"><img loading=\"lazy\" decoding=\"async\" class=\"alignnone size-full wp-image-14282\" src=\"https:\/\/hausen-aulatal.de\/wp-content\/uploads\/2020\/12\/PeterBickhardt90Geb20201219HZ.png\" alt=\"\" width=\"994\" height=\"650\" srcset=\"https:\/\/hausen-aulatal.de\/wp-content\/uploads\/2020\/12\/PeterBickhardt90Geb20201219HZ.png 994w, https:\/\/hausen-aulatal.de\/wp-content\/uploads\/2020\/12\/PeterBickhardt90Geb20201219HZ-300x196.png 300w, https:\/\/hausen-aulatal.de\/wp-content\/uploads\/2020\/12\/PeterBickhardt90Geb20201219HZ-768x502.png 768w\" sizes=\"(max-width: 994px) 100vw, 994px\" \/><\/a><a href=\"https:\/\/hausen-aulatal.de\/wp-content\/uploads\/2020\/12\/PeterBickhardt90Geb20201219-HZ.png\"><img loading=\"lazy\" decoding=\"async\" class=\"alignnone size-full wp-image-14283\" src=\"https:\/\/hausen-aulatal.de\/wp-content\/uploads\/2020\/12\/PeterBickhardt90Geb20201219-HZ.png\" alt=\"\" width=\"1004\" height=\"1307\" srcset=\"https:\/\/hausen-aulatal.de\/wp-content\/uploads\/2020\/12\/PeterBickhardt90Geb20201219-HZ.png 1004w, https:\/\/hausen-aulatal.de\/wp-content\/uploads\/2020\/12\/PeterBickhardt90Geb20201219-HZ-230x300.png 230w, https:\/\/hausen-aulatal.de\/wp-content\/uploads\/2020\/12\/PeterBickhardt90Geb20201219-HZ-787x1024.png 787w, https:\/\/hausen-aulatal.de\/wp-content\/uploads\/2020\/12\/PeterBickhardt90Geb20201219-HZ-768x1000.png 768w\" sizes=\"(max-width: 1004px) 100vw, 1004px\" \/><\/a><\/p>\n<hr \/>\n<p style=\"text-align: center;\"><a href=\"https:\/\/hausen-aulatal.de\/wp-content\/uploads\/2020\/12\/PeterBickhardt90Geb20201219HNA-Schwalm.png\"><img loading=\"lazy\" decoding=\"async\" class=\"alignnone size-full wp-image-14285\" src=\"https:\/\/hausen-aulatal.de\/wp-content\/uploads\/2020\/12\/PeterBickhardt90Geb20201219HNA-Schwalm.png\" alt=\"\" width=\"1000\" height=\"1014\" srcset=\"https:\/\/hausen-aulatal.de\/wp-content\/uploads\/2020\/12\/PeterBickhardt90Geb20201219HNA-Schwalm.png 1000w, https:\/\/hausen-aulatal.de\/wp-content\/uploads\/2020\/12\/PeterBickhardt90Geb20201219HNA-Schwalm-296x300.png 296w, https:\/\/hausen-aulatal.de\/wp-content\/uploads\/2020\/12\/PeterBickhardt90Geb20201219HNA-Schwalm-768x779.png 768w\" sizes=\"(max-width: 1000px) 100vw, 1000px\" \/><\/a><\/p>\n","protected":false},"excerpt":{"rendered":"<p>20.12.2020 Happy Birthday! Bickhardt Bau-Gr\u00fcnder Peter Bickhardt wird heute 90 Unternehmerpers\u00f6nlichkeit: Peter Bickhardt feiert am 20. Dezember seinen 90. Geburtstag. &#8211; Foto: Hendrik Urbin \/ Bickhardt Bau Weitsicht, Innovation, Leidenschaft [&hellip;]<\/p>\n","protected":false},"author":3,"featured_media":0,"comment_status":"open","ping_status":"closed","sticky":false,"template":"","format":"standard","meta":{"_price":"","_stock":"","_tribe_ticket_header":"","_tribe_default_ticket_provider":"","_tribe_ticket_capacity":"0","_ticket_start_date":"","_ticket_end_date":"","_tribe_ticket_show_description":"","_tribe_ticket_show_not_going":false,"_tribe_ticket_use_global_stock":"","_tribe_ticket_global_stock_level":"","_global_stock_mode":"","_global_stock_cap":"","_tribe_rsvp_for_event":"","_tribe_ticket_going_count":"","_tribe_ticket_not_going_count":"","_tribe_tickets_list":"[]","_tribe_ticket_has_attendee_info_fields":false,"footnotes":""},"categories":[2,9],"tags":[],"_links":{"self":[{"href":"https:\/\/hausen-aulatal.de\/index.php?rest_route=\/wp\/v2\/posts\/14263"}],"collection":[{"href":"https:\/\/hausen-aulatal.de\/index.php?rest_route=\/wp\/v2\/posts"}],"about":[{"href":"https:\/\/hausen-aulatal.de\/index.php?rest_route=\/wp\/v2\/types\/post"}],"author":[{"embeddable":true,"href":"https:\/\/hausen-aulatal.de\/index.php?rest_route=\/wp\/v2\/users\/3"}],"replies":[{"embeddable":true,"href":"https:\/\/hausen-aulatal.de\/index.php?rest_route=%2Fwp%2Fv2%2Fcomments&post=14263"}],"version-history":[{"count":10,"href":"https:\/\/hausen-aulatal.de\/index.php?rest_route=\/wp\/v2\/posts\/14263\/revisions"}],"predecessor-version":[{"id":14286,"href":"https:\/\/hausen-aulatal.de\/index.php?rest_route=\/wp\/v2\/posts\/14263\/revisions\/14286"}],"wp:attachment":[{"href":"https:\/\/hausen-aulatal.de\/index.php?rest_route=%2Fwp%2Fv2%2Fmedia&parent=14263"}],"wp:term":[{"taxonomy":"category","embeddable":true,"href":"https:\/\/hausen-aulatal.de\/index.php?rest_route=%2Fwp%2Fv2%2Fcategories&post=14263"},{"taxonomy":"post_tag","embeddable":true,"href":"https:\/\/hausen-aulatal.de\/index.php?rest_route=%2Fwp%2Fv2%2Ftags&post=14263"}],"curies":[{"name":"wp","href":"https:\/\/api.w.org\/{rel}","templated":true}]}}