{"id":15210,"date":"2021-04-28T09:17:49","date_gmt":"2021-04-28T07:17:49","guid":{"rendered":"http:\/\/hausen-aulatal.de\/?p=15210"},"modified":"2021-04-29T10:28:35","modified_gmt":"2021-04-29T08:28:35","slug":"joerg-albert-10-jahre-ortsvorsteher","status":"publish","type":"post","link":"https:\/\/hausen-aulatal.de\/?p=15210","title":{"rendered":"J\u00f6rg Albert 10 Jahre Ortsvorsteher"},"content":{"rendered":"<h2><strong>Ortsbeirat Hausen hat sich neu <\/strong><strong>konstituiert<br \/>\n<\/strong><\/h2>\n<p><a href=\"https:\/\/hausen-aulatal.de\/wp-content\/uploads\/2021\/04\/Ortsbeirat20210427.png\"><img loading=\"lazy\" decoding=\"async\" class=\"alignnone size-full wp-image-15208\" src=\"https:\/\/hausen-aulatal.de\/wp-content\/uploads\/2021\/04\/Ortsbeirat20210427.png\" alt=\"\" width=\"1600\" height=\"1200\" srcset=\"https:\/\/hausen-aulatal.de\/wp-content\/uploads\/2021\/04\/Ortsbeirat20210427.png 1600w, https:\/\/hausen-aulatal.de\/wp-content\/uploads\/2021\/04\/Ortsbeirat20210427-300x225.png 300w, https:\/\/hausen-aulatal.de\/wp-content\/uploads\/2021\/04\/Ortsbeirat20210427-1024x768.png 1024w, https:\/\/hausen-aulatal.de\/wp-content\/uploads\/2021\/04\/Ortsbeirat20210427-768x576.png 768w, https:\/\/hausen-aulatal.de\/wp-content\/uploads\/2021\/04\/Ortsbeirat20210427-1536x1152.png 1536w\" sizes=\"(max-width: 1600px) 100vw, 1600px\" \/><\/a><\/p>\n<h6>(v.li.n.re.) Norbert Braun, B\u00e4rbel Hellwig, Erwin Albert, Alexander Erler, J\u00fcrgen Eckhardt, J\u00f6rg Albert und Ilja R\u00fchl<\/h6>\n<p style=\"text-align: justify;\">J\u00f6rg Albert bleibt Ortsvorsteher in Hausen. In der konstituierenden Sitzung wurde Albert einstimmig vom Ortsbeirat wiedergew\u00e4hlt. Er tritt somit seine dritte Wahlperiode als Ortsvorsteher an.<\/p>\n<p style=\"text-align: justify;\">Stellvertretende Ortsvorsteherin bleibt B\u00e4rbel Hellwig. Alexander Erler wurde als Schriftf\u00fchrer und J\u00fcrgen Eckhardt als sein Stellvertreter gew\u00e4hlt. Alle Wahlen waren einstimmig.<\/p>\n<p style=\"text-align: justify;\">Neue Mitglieder im Ortsbeirat sind Ilja R\u00fchl und Erwin Albert. Herbert Heinisch und G\u00fcnter Schulze geh\u00f6ren dem Ortsbeirat nicht mehr an und wurden verabschiedet.<\/p>\n<p style=\"text-align: justify;\">\u00dcberrascht wurde im Anschluss der Konstituierung J\u00f6rg Albert. Die Ortsbeiratsmitglieder ehren Albert f\u00fcr 10 Jahre im Amt als Ortsvorsteher.<\/p>\n<p><a href=\"https:\/\/hausen-aulatal.de\/wp-content\/uploads\/2021\/04\/OrtsvorsteherAlbert20210427.png\"><img loading=\"lazy\" decoding=\"async\" class=\"alignnone size-full wp-image-15209\" src=\"https:\/\/hausen-aulatal.de\/wp-content\/uploads\/2021\/04\/OrtsvorsteherAlbert20210427.png\" alt=\"\" width=\"1600\" height=\"1200\" srcset=\"https:\/\/hausen-aulatal.de\/wp-content\/uploads\/2021\/04\/OrtsvorsteherAlbert20210427.png 1600w, https:\/\/hausen-aulatal.de\/wp-content\/uploads\/2021\/04\/OrtsvorsteherAlbert20210427-300x225.png 300w, https:\/\/hausen-aulatal.de\/wp-content\/uploads\/2021\/04\/OrtsvorsteherAlbert20210427-1024x768.png 1024w, https:\/\/hausen-aulatal.de\/wp-content\/uploads\/2021\/04\/OrtsvorsteherAlbert20210427-768x576.png 768w, https:\/\/hausen-aulatal.de\/wp-content\/uploads\/2021\/04\/OrtsvorsteherAlbert20210427-1536x1152.png 1536w\" sizes=\"(max-width: 1600px) 100vw, 1600px\" \/><\/a><\/p>\n<h6>10 Jahre im Amt &#8211; Ortsvorsteher J\u00f6rg Albert<\/h6>\n<p>&nbsp;<\/p>\n","protected":false},"excerpt":{"rendered":"<p>Ortsbeirat Hausen hat sich neu konstituiert (v.li.n.re.) Norbert Braun, B\u00e4rbel Hellwig, Erwin Albert, Alexander Erler, J\u00fcrgen Eckhardt, J\u00f6rg Albert und Ilja R\u00fchl J\u00f6rg Albert bleibt Ortsvorsteher in Hausen. In der [&hellip;]<\/p>\n","protected":false},"author":3,"featured_media":0,"comment_status":"open","ping_status":"closed","sticky":false,"template":"","format":"standard","meta":{"_price":"","_stock":"","_tribe_ticket_header":"","_tribe_default_ticket_provider":"","_tribe_ticket_capacity":"0","_ticket_start_date":"","_ticket_end_date":"","_tribe_ticket_show_description":"","_tribe_ticket_show_not_going":false,"_tribe_ticket_use_global_stock":"","_tribe_ticket_global_stock_level":"","_global_stock_mode":"","_global_stock_cap":"","_tribe_rsvp_for_event":"","_tribe_ticket_going_count":"","_tribe_ticket_not_going_count":"","_tribe_tickets_list":"[]","_tribe_ticket_has_attendee_info_fields":false,"footnotes":""},"categories":[2,14,11,9],"tags":[],"_links":{"self":[{"href":"https:\/\/hausen-aulatal.de\/index.php?rest_route=\/wp\/v2\/posts\/15210"}],"collection":[{"href":"https:\/\/hausen-aulatal.de\/index.php?rest_route=\/wp\/v2\/posts"}],"about":[{"href":"https:\/\/hausen-aulatal.de\/index.php?rest_route=\/wp\/v2\/types\/post"}],"author":[{"embeddable":true,"href":"https:\/\/hausen-aulatal.de\/index.php?rest_route=\/wp\/v2\/users\/3"}],"replies":[{"embeddable":true,"href":"https:\/\/hausen-aulatal.de\/index.php?rest_route=%2Fwp%2Fv2%2Fcomments&post=15210"}],"version-history":[{"count":6,"href":"https:\/\/hausen-aulatal.de\/index.php?rest_route=\/wp\/v2\/posts\/15210\/revisions"}],"predecessor-version":[{"id":15217,"href":"https:\/\/hausen-aulatal.de\/index.php?rest_route=\/wp\/v2\/posts\/15210\/revisions\/15217"}],"wp:attachment":[{"href":"https:\/\/hausen-aulatal.de\/index.php?rest_route=%2Fwp%2Fv2%2Fmedia&parent=15210"}],"wp:term":[{"taxonomy":"category","embeddable":true,"href":"https:\/\/hausen-aulatal.de\/index.php?rest_route=%2Fwp%2Fv2%2Fcategories&post=15210"},{"taxonomy":"post_tag","embeddable":true,"href":"https:\/\/hausen-aulatal.de\/index.php?rest_route=%2Fwp%2Fv2%2Ftags&post=15210"}],"curies":[{"name":"wp","href":"https:\/\/api.w.org\/{rel}","templated":true}]}}