{"id":15519,"date":"2021-06-12T09:00:16","date_gmt":"2021-06-12T07:00:16","guid":{"rendered":"http:\/\/hausen-aulatal.de\/?p=15519"},"modified":"2021-06-12T09:44:36","modified_gmt":"2021-06-12T07:44:36","slug":"15519","status":"publish","type":"post","link":"https:\/\/hausen-aulatal.de\/?p=15519","title":{"rendered":"Einladung zur JHV des DRK Ortsverein Oberaula"},"content":{"rendered":"<div class=\"row\">\n<div class=\"col-md-12\">\n<h2 style=\"text-align: center;\"><span style=\"color: #ff0000;\"><strong>Deutsches Rotes Kreuz Ortsverein Oberaula<\/strong><\/span><\/h2>\n<\/div>\n<\/div>\n<div class=\"row\">\n<div class=\"col-md-12\">\n<h3 class=\"vred-strict\"><strong>Einladung zur Jahreshauptversammlung<\/strong><\/h3>\n<p>Zur Jahreshauptversammlung des DRK-Ortsvereins Oberaula lade ich hiermit recht herzlich ein f\u00fcr<\/p>\n<h4 style=\"text-align: center;\"><strong>Sonntag, den 20. Juni 2021, 16:00 Uhr<\/strong><\/h4>\n<p>in die Rotkreuz-R\u00e4ume (ehem. Molkerei), Bahnhofstra\u00dfe 21, Oberaula.<\/p>\n<h6 class=\"vred-strict\">Tagesordnung<\/h6>\n<ol start=\"1\">\n<li>\n<p class=\"vred-strict\">Er\u00f6ffnung und Begr\u00fc\u00dfung<\/p>\n<\/li>\n<li>\n<p class=\"vred-strict\">Jahresberichte des Vorstandes<\/p>\n<\/li>\n<li>\n<p class=\"vred-strict\">Bericht der Kassenpr\u00fcfer<\/p>\n<\/li>\n<li>\n<p class=\"vred-strict\">Entlastung des Vorstandes<\/p>\n<\/li>\n<li>\n<p class=\"vred-strict\">Beschlussfassung und Genehmigung des Wirtschaftsplans<\/p>\n<\/li>\n<li>\n<p class=\"vred-strict\">Gru\u00dfworte<\/p>\n<\/li>\n<li>\n<p class=\"vred-strict\">Wahlen (Vorstand, Kassenpr\u00fcfer, Delegierte)<\/p>\n<\/li>\n<li>\n<p class=\"vred-strict\">Verschiedenes<\/p>\n<\/li>\n<\/ol>\n<p>Aufgrund der derzeit geltenden Corona-Abstands- und Hygieneregeln ist eine Anmeldung zur Versammlung notwendig (bitte telefonisch: 06628\/1327 oder per E-Mail an: ra.peter@gmx.de).<\/p>\n<p>Vor der Versammlung bieten wir einen Corona-Schnelltest an.<\/p>\n<h6 class=\"vred-strict\">F\u00fcr den Vorstand<\/h6>\n<h6 class=\"vred-strict\">Ewald Peter<\/h6>\n<h6 class=\"vred-strict\">1. Vorsitzender<\/h6>\n<\/div>\n<\/div>\n","protected":false},"excerpt":{"rendered":"<p>Deutsches Rotes Kreuz Ortsverein Oberaula Einladung zur Jahreshauptversammlung Zur Jahreshauptversammlung des DRK-Ortsvereins Oberaula lade ich hiermit recht herzlich ein f\u00fcr Sonntag, den 20. Juni 2021, 16:00 Uhr in die Rotkreuz-R\u00e4ume [&hellip;]<\/p>\n","protected":false},"author":3,"featured_media":0,"comment_status":"open","ping_status":"closed","sticky":false,"template":"","format":"standard","meta":{"_price":"","_stock":"","_tribe_ticket_header":"","_tribe_default_ticket_provider":"","_tribe_ticket_capacity":"0","_ticket_start_date":"","_ticket_end_date":"","_tribe_ticket_show_description":"","_tribe_ticket_show_not_going":false,"_tribe_ticket_use_global_stock":"","_tribe_ticket_global_stock_level":"","_global_stock_mode":"","_global_stock_cap":"","_tribe_rsvp_for_event":"","_tribe_ticket_going_count":"","_tribe_ticket_not_going_count":"","_tribe_tickets_list":"[]","_tribe_ticket_has_attendee_info_fields":false,"footnotes":""},"categories":[2],"tags":[],"_links":{"self":[{"href":"https:\/\/hausen-aulatal.de\/index.php?rest_route=\/wp\/v2\/posts\/15519"}],"collection":[{"href":"https:\/\/hausen-aulatal.de\/index.php?rest_route=\/wp\/v2\/posts"}],"about":[{"href":"https:\/\/hausen-aulatal.de\/index.php?rest_route=\/wp\/v2\/types\/post"}],"author":[{"embeddable":true,"href":"https:\/\/hausen-aulatal.de\/index.php?rest_route=\/wp\/v2\/users\/3"}],"replies":[{"embeddable":true,"href":"https:\/\/hausen-aulatal.de\/index.php?rest_route=%2Fwp%2Fv2%2Fcomments&post=15519"}],"version-history":[{"count":3,"href":"https:\/\/hausen-aulatal.de\/index.php?rest_route=\/wp\/v2\/posts\/15519\/revisions"}],"predecessor-version":[{"id":15523,"href":"https:\/\/hausen-aulatal.de\/index.php?rest_route=\/wp\/v2\/posts\/15519\/revisions\/15523"}],"wp:attachment":[{"href":"https:\/\/hausen-aulatal.de\/index.php?rest_route=%2Fwp%2Fv2%2Fmedia&parent=15519"}],"wp:term":[{"taxonomy":"category","embeddable":true,"href":"https:\/\/hausen-aulatal.de\/index.php?rest_route=%2Fwp%2Fv2%2Fcategories&post=15519"},{"taxonomy":"post_tag","embeddable":true,"href":"https:\/\/hausen-aulatal.de\/index.php?rest_route=%2Fwp%2Fv2%2Ftags&post=15519"}],"curies":[{"name":"wp","href":"https:\/\/api.w.org\/{rel}","templated":true}]}}