{"id":2541,"date":"2014-07-15T18:19:41","date_gmt":"2014-07-15T16:19:41","guid":{"rendered":"http:\/\/hausen-aulatal.de\/?p=2541"},"modified":"2014-07-15T18:19:41","modified_gmt":"2014-07-15T16:19:41","slug":"neubuerger-von-hausen","status":"publish","type":"post","link":"https:\/\/hausen-aulatal.de\/?p=2541","title":{"rendered":"Neub\u00fcrger von Hausen"},"content":{"rendered":"<p><!--[if gte mso 9]><xml>\n <w:WordDocument>\n  <w:View>Normal<\/w:View>\n  <w:Zoom>0<\/w:Zoom>\n  <w:HyphenationZone>21<\/w:HyphenationZone>\n  <w:PunctuationKerning\/>\n  <w:ValidateAgainstSchemas\/>\n  <w:SaveIfXMLInvalid>false<\/w:SaveIfXMLInvalid>\n  <w:IgnoreMixedContent>false<\/w:IgnoreMixedContent>\n  <w:AlwaysShowPlaceholderText>false<\/w:AlwaysShowPlaceholderText>\n  <w:Compatibility>\n   <w:BreakWrappedTables\/>\n   <w:SnapToGridInCell\/>\n   <w:WrapTextWithPunct\/>\n   <w:UseAsianBreakRules\/>\n   <w:DontGrowAutofit\/>\n  <\/w:Compatibility>\n  <w:BrowserLevel>MicrosoftInternetExplorer4<\/w:BrowserLevel>\n <\/w:WordDocument>\n<\/xml><![endif]--><\/p>\n<p><!--[if gte mso 9]><xml>\n <w:LatentStyles DefLockedState=\"false\" LatentStyleCount=\"156\">\n <\/w:LatentStyles>\n<\/xml><![endif]--><!--[if !mso]><object classid=\"clsid:38481807-CA0E-42D2-BF39-B33AF135CC4D\" id=ieooui><\/object>\n\n\n<style>\nst1\\:*{behavior:url(#ieooui) }\n<\/style>\n\n\n<![endif]--><!--[if gte mso 10]>\n\n\n<style>\n \/* Style Definitions *\/\n table.MsoNormalTable\n\t{mso-style-name:\"Normale Tabelle\";\n\tmso-tstyle-rowband-size:0;\n\tmso-tstyle-colband-size:0;\n\tmso-style-noshow:yes;\n\tmso-style-parent:\"\";\n\tmso-padding-alt:0cm 5.4pt 0cm 5.4pt;\n\tmso-para-margin:0cm;\n\tmso-para-margin-bottom:.0001pt;\n\tmso-pagination:widow-orphan;\n\tfont-size:10.0pt;\n\tfont-family:\"Times New Roman\";\n\tmso-ansi-language:#0400;\n\tmso-fareast-language:#0400;\n\tmso-bidi-language:#0400;}\n<\/style>\n\n\n<![endif]--><\/p>\n<p class=\"MsoNormal\"><b style=\"mso-bidi-font-weight: normal;\"><span style=\"font-size: 18.0pt; font-family: 'Monotype Corsiva';\">Liebe Neub\u00fcrgerinnen und Neub\u00fcrger,<\/span><\/b><\/p>\n<p class=\"MsoNormal\" style=\"text-align: justify;\"><span style=\"font-size: 15.0pt; font-family: 'Monotype Corsiva';\">der Ortsbeirat und die Hausener Burschenschaft erlauben sich, Sie, liebe Neub\u00fcrgerinnen und Neub\u00fcrger, herzlich zur Hausener Kirmes vom 17 Juli bis 20. Juli 2014 einzuladen. <\/span><\/p>\n<p class=\"MsoNormal\" style=\"text-align: justify;\"><b style=\"mso-bidi-font-weight: normal;\"><span style=\"font-size: 16.0pt; font-family: 'Monotype Corsiva';\">Wir wollen Sie herzlich willkommen hei\u00dfen und geb\u00fchrend in unsere Dorfgemeinschaft aufnehmen!<\/span><\/b><\/p>\n<p class=\"MsoNormal\" style=\"text-align: justify;\"><span style=\"font-size: 15.0pt; font-family: 'Monotype Corsiva';\">Um Vorbereitungen treffen zu k\u00f6nnen ist eine Anmeldung erw\u00fcnscht. Hierzu wenden Sie sich bitte an den Ortsvorsteher oder an die Burschenschaft.<span style=\"mso-spacerun: yes;\">\u00a0 <\/span><\/span><\/p>\n<p class=\"MsoNormal\" style=\"text-align: justify;\"><span style=\"font-size: 15.0pt; font-family: 'Monotype Corsiva';\">Beginnen wird der Vormittag <\/span><b style=\"mso-bidi-font-weight: normal;\"><span style=\"font-size: 16.0pt; font-family: 'Monotype Corsiva';\">(Sonntag 20. Juli)<\/span><\/b><span style=\"font-size: 15.0pt; font-family: 'Monotype Corsiva';\"> mit einem Zeltgottesdienst mit Taufe um 10.00 Uhr. Der Posaunenchor und der Singkreis gestalten diesen Gottesdienst mit. Im Anschluss gehen wir gemeinsam zum Ehrenmal, um nach alter Tradition der Opfer der beiden Weltkriege zu gedenken.<\/span><\/p>\n<p class=\"MsoNormal\" style=\"text-align: justify;\"><span style=\"font-size: 15.0pt; font-family: 'Monotype Corsiva';\">Ab 11.30 Uhr spielt die Originalkapelle vom Donnerstag (Die Ottertaler) Volksmusik, Schlager, Stimmungslieder bis hin zur Rockmusik. Dieser Fr\u00fchschoppen ist weit \u00fcber unsere Ortsgrenzen bekannt. In diese Stimmung eingebettet soll die Aufnahme unserer Neub\u00fcrgerinnen und -b\u00fcrger stattfinden.<span style=\"mso-spacerun: yes;\">\u00a0 <\/span><\/span><\/p>\n<p class=\"MsoNormal\" style=\"text-align: justify;\"><span style=\"font-size: 15.0pt; font-family: 'Monotype Corsiva';\">F\u00fcr die <\/span><b style=\"mso-bidi-font-weight: normal;\"><span style=\"font-size: 16.0pt; font-family: 'Monotype Corsiva';\">\u201eNeuen\u201c<\/span><\/b><span style=\"font-size: 15.0pt; font-family: 'Monotype Corsiva';\"> in unserem Dorf wird ein Aufnahmeritual zelebriert. <\/span><\/p>\n<p class=\"MsoNormal\" style=\"text-align: justify;\"><span style=\"font-size: 15.0pt; font-family: 'Monotype Corsiva';\">Wir hoffen, Sie machen diesen Spa\u00df mit. Es wird Ihnen in Erinnerung bleiben.<span style=\"mso-spacerun: yes;\">\u00a0 <\/span><\/span><\/p>\n<p class=\"MsoNormal\" style=\"text-align: justify;\"><span style=\"font-size: 15.0pt; font-family: 'Monotype Corsiva';\">Um Ihnen schon einmal <\/span><b style=\"mso-bidi-font-weight: normal;\"><span style=\"font-size: 16.0pt; font-family: 'Monotype Corsiva';\">\u201eGeschmack <\/span><\/b><span style=\"font-size: 16.0pt; font-family: 'Monotype Corsiva';\">auf <b style=\"mso-bidi-font-weight: normal;\">Mehr\u201c<\/b><\/span><span style=\"font-size: 15.0pt; font-family: 'Monotype Corsiva';\"> zu bieten und um Ihnen zu zeigen, was ein Dorf mit seinen Vereinen auf die Beine stellen kann, m\u00f6chten wir Sie auf den Dorfabend am<span style=\"mso-spacerun: yes;\">\u00a0\u00a0 <\/span>17. Juli aufmerksam machen. Bitte entnehmen sie Einzelheiten aus der Werbung und der Homepage<span style=\"mso-spacerun: yes;\">\u00a0 <\/span><a href=\"http:\/\/www.hausen-aulatal.de\/\">www.hausen-aulatal.de<\/a> <\/span><\/p>\n<p class=\"MsoNormal\" style=\"text-align: justify;\"><span style=\"font-size: 15.0pt; font-family: 'Monotype Corsiva';\">\u00a0<span style=\"mso-spacerun: yes;\">\u00a0\u00a0\u00a0 <\/span><b style=\"mso-bidi-font-weight: normal;\">Ortsbeirat Hausen<span style=\"mso-tab-count: 5;\">\u00a0\u00a0\u00a0\u00a0\u00a0\u00a0\u00a0\u00a0\u00a0\u00a0\u00a0\u00a0\u00a0\u00a0\u00a0\u00a0\u00a0\u00a0\u00a0\u00a0\u00a0\u00a0\u00a0\u00a0\u00a0\u00a0\u00a0\u00a0\u00a0\u00a0\u00a0\u00a0\u00a0\u00a0\u00a0\u00a0\u00a0\u00a0\u00a0\u00a0\u00a0\u00a0 <\/span> Ihre Burschenschaft<\/b><\/span><\/p>\n<p class=\"MsoNormal\"><span style=\"font-size: 17.0pt; font-family: 'Monotype Corsiva';\"><span style=\"mso-spacerun: yes;\">\u00a0\u00a0\u00a0\u00a0\u00a0 <\/span>J\u00f6rg Albert<span style=\"mso-tab-count: 5;\">\u00a0\u00a0\u00a0\u00a0\u00a0\u00a0\u00a0\u00a0\u00a0\u00a0\u00a0\u00a0\u00a0\u00a0\u00a0\u00a0\u00a0\u00a0\u00a0\u00a0\u00a0\u00a0\u00a0\u00a0\u00a0\u00a0\u00a0\u00a0\u00a0\u00a0\u00a0\u00a0\u00a0\u00a0\u00a0\u00a0\u00a0\u00a0\u00a0\u00a0\u00a0 <\/span><span style=\"mso-spacerun: yes;\">\u00a0\u00a0\u00a0 <\/span><span style=\"mso-spacerun: yes;\">\u00a0\u00a0\u00a0\u00a0\u00a0\u00a0\u00a0\u00a0\u00a0<\/span>Falco Bickert<\/span><\/p>\n<p class=\"MsoNormal\"><b style=\"mso-bidi-font-weight: normal;\"><span style=\"font-size: 15.0pt; font-family: 'Monotype Corsiva';\">\u00a0<span style=\"mso-spacerun: yes;\">\u00a0\u00a0\u00a0\u00a0 <\/span>Ortsvorsteher<span style=\"mso-tab-count: 6;\">\u00a0\u00a0\u00a0\u00a0\u00a0\u00a0\u00a0\u00a0\u00a0\u00a0\u00a0\u00a0\u00a0\u00a0\u00a0\u00a0\u00a0\u00a0\u00a0\u00a0\u00a0\u00a0\u00a0\u00a0\u00a0\u00a0\u00a0\u00a0\u00a0\u00a0\u00a0\u00a0\u00a0\u00a0\u00a0\u00a0\u00a0\u00a0\u00a0\u00a0\u00a0\u00a0\u00a0\u00a0\u00a0\u00a0\u00a0\u00a0 <\/span><span style=\"mso-spacerun: yes;\">\u00a0\u00a0\u00a0 <\/span>Kirmesvater<\/span><\/b><\/p>\n<p>&nbsp;<\/p>\n","protected":false},"excerpt":{"rendered":"<p>Liebe Neub\u00fcrgerinnen und Neub\u00fcrger, der Ortsbeirat und die Hausener Burschenschaft erlauben sich, Sie, liebe Neub\u00fcrgerinnen und Neub\u00fcrger, herzlich zur Hausener Kirmes vom 17 Juli bis 20. Juli 2014 einzuladen. Wir [&hellip;]<\/p>\n","protected":false},"author":2,"featured_media":0,"comment_status":"closed","ping_status":"closed","sticky":false,"template":"","format":"standard","meta":{"_price":"","_stock":"","_tribe_ticket_header":"","_tribe_default_ticket_provider":"","_tribe_ticket_capacity":"0","_ticket_start_date":"","_ticket_end_date":"","_tribe_ticket_show_description":"","_tribe_ticket_show_not_going":false,"_tribe_ticket_use_global_stock":"","_tribe_ticket_global_stock_level":"","_global_stock_mode":"","_global_stock_cap":"","_tribe_rsvp_for_event":"","_tribe_ticket_going_count":"","_tribe_ticket_not_going_count":"","_tribe_tickets_list":"[]","_tribe_ticket_has_attendee_info_fields":false,"footnotes":""},"categories":[11,9],"tags":[],"_links":{"self":[{"href":"https:\/\/hausen-aulatal.de\/index.php?rest_route=\/wp\/v2\/posts\/2541"}],"collection":[{"href":"https:\/\/hausen-aulatal.de\/index.php?rest_route=\/wp\/v2\/posts"}],"about":[{"href":"https:\/\/hausen-aulatal.de\/index.php?rest_route=\/wp\/v2\/types\/post"}],"author":[{"embeddable":true,"href":"https:\/\/hausen-aulatal.de\/index.php?rest_route=\/wp\/v2\/users\/2"}],"replies":[{"embeddable":true,"href":"https:\/\/hausen-aulatal.de\/index.php?rest_route=%2Fwp%2Fv2%2Fcomments&post=2541"}],"version-history":[{"count":1,"href":"https:\/\/hausen-aulatal.de\/index.php?rest_route=\/wp\/v2\/posts\/2541\/revisions"}],"predecessor-version":[{"id":2542,"href":"https:\/\/hausen-aulatal.de\/index.php?rest_route=\/wp\/v2\/posts\/2541\/revisions\/2542"}],"wp:attachment":[{"href":"https:\/\/hausen-aulatal.de\/index.php?rest_route=%2Fwp%2Fv2%2Fmedia&parent=2541"}],"wp:term":[{"taxonomy":"category","embeddable":true,"href":"https:\/\/hausen-aulatal.de\/index.php?rest_route=%2Fwp%2Fv2%2Fcategories&post=2541"},{"taxonomy":"post_tag","embeddable":true,"href":"https:\/\/hausen-aulatal.de\/index.php?rest_route=%2Fwp%2Fv2%2Ftags&post=2541"}],"curies":[{"name":"wp","href":"https:\/\/api.w.org\/{rel}","templated":true}]}}