{"id":26344,"date":"2025-02-16T10:35:40","date_gmt":"2025-02-16T09:35:40","guid":{"rendered":"https:\/\/hausen-aulatal.de\/?p=26344"},"modified":"2025-02-16T12:43:03","modified_gmt":"2025-02-16T11:43:03","slug":"rueckblick-auf-ein-ereignisreiches-jahr","status":"publish","type":"post","link":"https:\/\/hausen-aulatal.de\/?p=26344","title":{"rendered":"R\u00fcckblick auf ein ereignisreiches Jahr"},"content":{"rendered":"<h1 class=\"p1\" style=\"text-align: center;\"><strong><span class=\"s1\">JHV des Feuerwehrvereins Hausen\u00a0<\/span><\/strong><\/h1>\n<p class=\"p1\"><span class=\"s2\">Am Samstag, den 15. Februar 2025, fand um 19:00 Uhr im Gasthaus zur Post die Jahreshauptversammlung des Feuerwehrvereins Hausen statt. Vorsitzender Marek Heu\u00dfner begr\u00fc\u00dfte die anwesenden Mitglieder und G\u00e4ste und er\u00f6ffnete die Versammlung.<\/span><\/p>\n<h4 class=\"p1\"><strong><span class=\"s1\">Ehrung der Verstorbenen und R\u00fcckblick auf das vergangene Jahr<\/span><\/strong><\/h4>\n<p class=\"p1\"><span class=\"s2\">Nach einer Schweigeminute zum Gedenken an die verstorbenen f\u00fcnf Mitgliedern verlas Alexander Erler das Protokoll der letzten Sitzung. Anschlie\u00dfend folgte der Bericht des Vorsitzenden. Der Feuerwehrverein konnte im vergangenen Jahr drei neue Mitglieder begr\u00fc\u00dfen. Insgesamt z\u00e4hlt der Verein nun 87 Mitglieder, w\u00e4hrend der gesamte Feuerwehrverbund 523 Mitglieder umfasst.<\/span><\/p>\n<p class=\"p1\"><span class=\"s2\">Besonders hervorgehoben wurden die Aktivit\u00e4ten des Vereins im vergangenen Jahr. Ein H\u00f6hepunkt war die Einweihungsfeier des neuen Feuerwehrger\u00e4tehauses am 20. April 2024. Beim traditionelle Wurstschie\u00dfen ist noch Luft nach oben. Zudem engagierte sich der Verein wieder beim W\u00fcnschebaum-Projekt.<\/span><\/p>\n<h4 class=\"p1\"><strong><span class=\"s1\">Einsatzberichte und Jugendarbeit<\/span><\/strong><\/h4>\n<p class=\"p1\"><span class=\"s2\">Der stellvertretende Wehrf\u00fchrer David Kellermann berichtete von insgesamt 42 Eins\u00e4tzen im vergangenen Jahr, darunter \u00fcber\u00f6rtliche Eins\u00e4tze sowie Eins\u00e4tze im Rahmen des Brandschutzsicherheitsdienstes. Durch den erfolgreichen Zusammenschluss der Wehren Oberaula, Hausen-Ibra, Friedigerode und Wahlshausen wird die junge F\u00fchrungsmannschaft den <\/span><span class=\"s1\">KatS-Zug<\/span><span class=\"s2\">(Katastrophenschutz-Zug) neu aufstellen.<\/span><\/p>\n<p class=\"p1\"><span class=\"s2\">Gemeindejugendfeuerwehrwart Leon Diebel konnte eine positive Entwicklung im Nachwuchsbereich vermelden: Die Kinderfeuerwehr z\u00e4hlt aktuell 19 Mitglieder, w\u00e4hrend in der Jugendfeuerwehr 24 Jugendliche aktiv sind. Ein besonderes Highlight war die Fahrt nach Marsanne in S\u00fcdfrankreich, die f\u00fcr die jungen Mitglieder unvergessliche Erlebnisse bot.<\/span><\/p>\n<h4 class=\"p1\"><strong><span class=\"s1\">Solide Finanzlage und Vorstandsentlastung<\/span><\/strong><\/h4>\n<p class=\"p1\"><span class=\"s2\">Da der Kassenwart krankheitsbedingt nicht anwesend sein konnte, \u00fcbernahm Marek Heu\u00dfner die Verlesung des Kassenberichts. Die Kassenpr\u00fcfer best\u00e4tigten eine ordnungsgem\u00e4\u00dfe Buchf\u00fchrung, sodass die Versammlung den Vorstand einstimmig entlastete. Zudem wurde Marc Klinger als neuer Kassenpr\u00fcfer gew\u00e4hlt.<\/span><\/p>\n<h4 class=\"p1\"><strong><span class=\"s1\">Blick in die Zukunft<\/span><\/strong><\/h4>\n<p class=\"p1\"><span class=\"s2\">Unter dem Punkt \u201eSonstiges\u201c wurde beschlossen, die Jahreshauptversammlung weiterhin am dritten Samstag im Februar abzuhalten. Die n\u00e4chste Versammlung findet demnach am 21. Februar 2026 statt.<\/span><\/p>\n<p class=\"p1\"><span class=\"s2\">Mit diesem Ausblick auf das kommende Jahr schloss Marek Heu\u00dfner die Versammlung und bedankte sich bei allen Anwesenden f\u00fcr ihr Engagement und ihre Unterst\u00fctzung. Anschlie\u00dfend klang der Abend in geselliger Runde aus.<\/span><\/p>\n","protected":false},"excerpt":{"rendered":"<p>JHV des Feuerwehrvereins Hausen\u00a0 Am Samstag, den 15. Februar 2025, fand um 19:00 Uhr im Gasthaus zur Post die Jahreshauptversammlung des Feuerwehrvereins Hausen statt. Vorsitzender Marek Heu\u00dfner begr\u00fc\u00dfte die anwesenden [&hellip;]<\/p>\n","protected":false},"author":3,"featured_media":0,"comment_status":"open","ping_status":"closed","sticky":false,"template":"","format":"standard","meta":{"_price":"","_stock":"","_tribe_ticket_header":"","_tribe_default_ticket_provider":"","_tribe_ticket_capacity":"0","_ticket_start_date":"","_ticket_end_date":"","_tribe_ticket_show_description":"","_tribe_ticket_show_not_going":false,"_tribe_ticket_use_global_stock":"","_tribe_ticket_global_stock_level":"","_global_stock_mode":"","_global_stock_cap":"","_tribe_rsvp_for_event":"","_tribe_ticket_going_count":"","_tribe_ticket_not_going_count":"","_tribe_tickets_list":"[]","_tribe_ticket_has_attendee_info_fields":false,"footnotes":""},"categories":[2],"tags":[],"_links":{"self":[{"href":"https:\/\/hausen-aulatal.de\/index.php?rest_route=\/wp\/v2\/posts\/26344"}],"collection":[{"href":"https:\/\/hausen-aulatal.de\/index.php?rest_route=\/wp\/v2\/posts"}],"about":[{"href":"https:\/\/hausen-aulatal.de\/index.php?rest_route=\/wp\/v2\/types\/post"}],"author":[{"embeddable":true,"href":"https:\/\/hausen-aulatal.de\/index.php?rest_route=\/wp\/v2\/users\/3"}],"replies":[{"embeddable":true,"href":"https:\/\/hausen-aulatal.de\/index.php?rest_route=%2Fwp%2Fv2%2Fcomments&post=26344"}],"version-history":[{"count":3,"href":"https:\/\/hausen-aulatal.de\/index.php?rest_route=\/wp\/v2\/posts\/26344\/revisions"}],"predecessor-version":[{"id":26354,"href":"https:\/\/hausen-aulatal.de\/index.php?rest_route=\/wp\/v2\/posts\/26344\/revisions\/26354"}],"wp:attachment":[{"href":"https:\/\/hausen-aulatal.de\/index.php?rest_route=%2Fwp%2Fv2%2Fmedia&parent=26344"}],"wp:term":[{"taxonomy":"category","embeddable":true,"href":"https:\/\/hausen-aulatal.de\/index.php?rest_route=%2Fwp%2Fv2%2Fcategories&post=26344"},{"taxonomy":"post_tag","embeddable":true,"href":"https:\/\/hausen-aulatal.de\/index.php?rest_route=%2Fwp%2Fv2%2Ftags&post=26344"}],"curies":[{"name":"wp","href":"https:\/\/api.w.org\/{rel}","templated":true}]}}