{"id":27990,"date":"2025-09-25T21:24:53","date_gmt":"2025-09-25T19:24:53","guid":{"rendered":"https:\/\/hausen-aulatal.de\/?p=27990"},"modified":"2025-09-27T16:00:08","modified_gmt":"2025-09-27T14:00:08","slug":"27990","status":"publish","type":"post","link":"https:\/\/hausen-aulatal.de\/?p=27990","title":{"rendered":"Serie gegen K\u00fcnzell ausbauen"},"content":{"rendered":"<h1 class=\"article-meta\" style=\"text-align: center;\"><span style=\"color: #000000;\"><strong><span class=\"ng-binding\">Hersfelder Zeitung<\/span><\/strong><\/span><\/h1>\n<h6 class=\"article-meta\" style=\"text-align: center;\"><strong><span class=\"ng-binding\">Freitag, 26. September 2025<\/span>\u00a0<\/strong><\/h6>\n<h2 class=\"article-dachzeile ng-binding\"><span style=\"font-size: 36px;\">SG Aulatal will Serie gegen K\u00fcnzell ausbauen<\/span><\/h2>\n<div class=\"article-body ng-binding\">\n<h4><em class=\"fett\"><strong>Oberaula<\/strong> \u2013 <\/em>4:0 gegen Neuenstein, zuvor 4:0 gegen Thalau und davor 2:0 bei Niederaula\/Kerspenhausen \u2013 die maklellose Bilanz der letzten drei Partien der SG Aulatal mit neun Punkten und 10:0-Toren macht Lust auf mehr. Derzeit macht es den Aulataler Fans richtig Spa\u00df, Spiele des Tabellenf\u00fchrers der Fu\u00dfball-Gruppenliga anzuschauen. Das soll auch am Sonntag so sein, wenn Aulatal den Siebten TSV K\u00fcnzell im Oberaulaer Katzbachstadion (15 Uhr) empf\u00e4ngt.<\/h4>\n<h4><strong><em class=\"fett\">Die Ausgangslage: <\/em><\/strong>Der 4:0-Sieg in Untergeis war sehenswert. Mit Torh\u00fcter Benedikt Saul als \u201eSpieler des Tages\u201c, der nicht nur ein Tor per Abschlag schoss, sondern obendrein noch einen Elfer hielt und auch weitere Chancen der Neuensteiner zunichte machte. \u201eEr war ja schon vorher ein starker Keeper, aber momentan ist er in der Form seines Lebens\u201c, lobt ihn Trainer Martin Friedrich. Trotz des starken Auftritts sah der Aulataler Coach aber auch Luft nach oben.<\/h4>\n<h4><em class=\"fett\"><strong>Die Trainerstimme<\/strong>:<\/em> Friedrich h\u00e4lt nichts davon, sein Team \u00fcber den gr\u00fcnen Klee zu loben: \u201eWir erwarten jetzt Spitzenteams wie K\u00fcnzell, Vogelsberg oder Bad Soden II. Die d\u00fcrfen wir nat\u00fcrlich nicht untersch\u00e4tzen. Und wir d\u00fcrfen uns keine Fehler erlauben wie in Neuenstein, die da nicht bestraft wurden.\u201c<\/h4>\n<h4><em class=\"fett\"><strong>Das Personal: <\/strong><\/em>Bis auf Kilian Krapp \u2013 gegen seine Sperre l\u00e4uft ein Einspruch \u2013 und Felix Wind (Urlaub) sind alle Mann an Bord.<\/h4>\n<\/div>\n<p>&nbsp;<\/p>\n<h1 class=\"av__wrapper__meta\" style=\"text-align: center;\"><strong><span class=\"av__wrapper__meta__day-of-the-week\"><span class=\"av__wrapper__meta__doc-title\">Schw\u00e4lmer Allgemeine<\/span>\u00a0<\/span><\/strong><\/h1>\n<h6 class=\"av__wrapper__meta\" style=\"text-align: center;\"><strong><span class=\"av__wrapper__meta__day-of-the-week\"><br \/>\nFreitag<\/span>, <span class=\"av__wrapper__meta__day-and-month\">26. September<\/span> <span class=\"av__wrapper__meta__year\">2025<\/span><\/strong><\/h6>\n<h2 class=\"av__wrapper__dachzeile hyphenate\"><strong><span style=\"font-size: 36px;\">Duell der Of\u00adfen\u00adsiv\u00adstar\u00adken in Ober\u00adau\u00adla<\/span><\/strong><\/h2>\n<p class=\"av__wrapper__subtitle hyphenate\"><em class=\"fett\" style=\"font-family: Roboto, 'Helvetica Neue', Helvetica, Arial, sans-serif; font-size: 16px;\">Ober\u00adau\u00adla \u2013 <\/em><span style=\"font-family: Roboto, 'Helvetica Neue', Helvetica, Arial, sans-serif; font-size: 16px;\">Die Grup\u00adpen\u00adli\u00adga-Fu\u00df\u00adbal\u00adler der SG Au\u00adla\u00adtal be\u00adfin\u00adden sich der\u00adzeit in be\u00adstechen\u00adder Form. Neun Punk\u00adte und 10:0-Tore in den j\u00fcngs\u00adten drei Spie\u00adlen sind Zeug\u00adnis des\u00adsen. Jetzt hat die Mann\u00adschaft von Trai\u00adner Mar\u00adtin Fried\u00adrich die Ge\u00adle\u00adgen\u00adheit, ihren Lauf fort\u00adzu\u00adset\u00adzen \u2013 gegen einen Geg\u00adner, der zur Stol\u00adper\u00adfal\u00adle wer\u00adden k\u00f6nn\u00adte. Der TSV K\u00fcn\u00adzell, ak\u00adtu\u00adell Ta\u00adbel\u00adlen\u00adsechs\u00adter, reist nach Ober\u00adau\u00adla (So. 15 Uhr).<\/span><\/p>\n<div class=\"av__wrapper__body hyphenate\">\n<p>Be\u00adson\u00adders f\u00fcr die De\u00adfen\u00adsi\u00adve der Au\u00adla\u00adta\u00adler d\u00fcrf\u00adte die Par\u00adtie eine echte Her\u00adaus\u00adfor\u00adde\u00adrung wer\u00adden, stel\u00adlen die G\u00e4ste mit 24 er\u00adziel\u00adten Tref\u00adfern doch die beste Of\u00adfen\u00adsi\u00adve der Liga. Der SG wer\u00adden zwei Spie\u00adler feh\u00adlen: Ki\u00adli\u00adan Krapp ist ge\u00adsperrt, Felix Wind be\u00adfin\u00addet sich der\u00adzeit noch im Ur\u00adlaub.<em class=\"autor_kurzname\">RED<\/em><\/p>\n<\/div>\n","protected":false},"excerpt":{"rendered":"<p>Hersfelder Zeitung Freitag, 26. September 2025\u00a0 SG Aulatal will Serie gegen K\u00fcnzell ausbauen Oberaula \u2013 4:0 gegen Neuenstein, zuvor 4:0 gegen Thalau und davor 2:0 bei Niederaula\/Kerspenhausen \u2013 die maklellose [&hellip;]<\/p>\n","protected":false},"author":3,"featured_media":0,"comment_status":"open","ping_status":"closed","sticky":false,"template":"","format":"standard","meta":{"_price":"","_stock":"","_tribe_ticket_header":"","_tribe_default_ticket_provider":"","_tribe_ticket_capacity":"0","_ticket_start_date":"","_ticket_end_date":"","_tribe_ticket_show_description":"","_tribe_ticket_show_not_going":false,"_tribe_ticket_use_global_stock":"","_tribe_ticket_global_stock_level":"","_global_stock_mode":"","_global_stock_cap":"","_tribe_rsvp_for_event":"","_tribe_ticket_going_count":"","_tribe_ticket_not_going_count":"","_tribe_tickets_list":"[]","_tribe_ticket_has_attendee_info_fields":false,"footnotes":""},"categories":[2],"tags":[],"_links":{"self":[{"href":"https:\/\/hausen-aulatal.de\/index.php?rest_route=\/wp\/v2\/posts\/27990"}],"collection":[{"href":"https:\/\/hausen-aulatal.de\/index.php?rest_route=\/wp\/v2\/posts"}],"about":[{"href":"https:\/\/hausen-aulatal.de\/index.php?rest_route=\/wp\/v2\/types\/post"}],"author":[{"embeddable":true,"href":"https:\/\/hausen-aulatal.de\/index.php?rest_route=\/wp\/v2\/users\/3"}],"replies":[{"embeddable":true,"href":"https:\/\/hausen-aulatal.de\/index.php?rest_route=%2Fwp%2Fv2%2Fcomments&post=27990"}],"version-history":[{"count":5,"href":"https:\/\/hausen-aulatal.de\/index.php?rest_route=\/wp\/v2\/posts\/27990\/revisions"}],"predecessor-version":[{"id":28014,"href":"https:\/\/hausen-aulatal.de\/index.php?rest_route=\/wp\/v2\/posts\/27990\/revisions\/28014"}],"wp:attachment":[{"href":"https:\/\/hausen-aulatal.de\/index.php?rest_route=%2Fwp%2Fv2%2Fmedia&parent=27990"}],"wp:term":[{"taxonomy":"category","embeddable":true,"href":"https:\/\/hausen-aulatal.de\/index.php?rest_route=%2Fwp%2Fv2%2Fcategories&post=27990"},{"taxonomy":"post_tag","embeddable":true,"href":"https:\/\/hausen-aulatal.de\/index.php?rest_route=%2Fwp%2Fv2%2Ftags&post=27990"}],"curies":[{"name":"wp","href":"https:\/\/api.w.org\/{rel}","templated":true}]}}