{"id":28025,"date":"2025-09-28T21:11:44","date_gmt":"2025-09-28T19:11:44","guid":{"rendered":"https:\/\/hausen-aulatal.de\/?p=28025"},"modified":"2025-09-28T21:14:42","modified_gmt":"2025-09-28T19:14:42","slug":"ein-abend-mit-ukrainsichen-gaesten","status":"publish","type":"post","link":"https:\/\/hausen-aulatal.de\/?p=28025","title":{"rendered":"EIN ABEND MIT UKRAINSICHEN G\u00c4STEN"},"content":{"rendered":"<div class=\"ydp7cae014ayahoo-style-wrap\" dir=\"ltr\" style=\"text-align: left;\" data-setdir=\"false\">Sehr geehrte Herrn und Damen, liebe Freunde und Freundinnen, liebe Unterst\u00fctzer der Menschen in der Ukraine,<\/div>\n<div class=\"ydp7cae014ayahoo-style-wrap\" dir=\"ltr\" style=\"text-align: left;\" data-setdir=\"false\">Sehr herzlich m\u00f6chte Sie auf die unten stehende Einladung hinweisen:<\/div>\n<h2 class=\"ydp7cae014ayahoo-style-wrap\" dir=\"ltr\" style=\"text-align: center;\" data-setdir=\"false\"><strong>EIN ABEND MIT UKRAINSICHEN G\u00c4STEN<\/strong><\/h2>\n<div dir=\"ltr\" data-setdir=\"false\"><\/div>\n<h2 class=\"ydp7cae014ayahoo-style-wrap\" dir=\"ltr\" style=\"text-align: center;\" data-setdir=\"false\"><strong>Am 12.10.2025 um 17 Uhr <\/strong><\/h2>\n<h3 class=\"ydp7cae014ayahoo-style-wrap\" dir=\"ltr\" style=\"text-align: center;\" data-setdir=\"false\"><strong>in der Patronatskirche Oberaula- Hausen, Schlo\u00dfweg<\/strong><\/h3>\n<p>&nbsp;<\/p>\n<h4 class=\"ydp7cae014ayahoo-style-wrap\" dir=\"ltr\" style=\"text-align: center;\" data-setdir=\"false\"><strong>Parkplatz um die Kirche herum oder &#8222;Am Damm&#8220; auf dem Dorfparkplatz.<\/strong><\/h4>\n<div class=\"ydp7cae014ayahoo-style-wrap\" dir=\"ltr\" data-setdir=\"false\"><\/div>\n<div class=\"ydp7cae014ayahoo-style-wrap\" dir=\"ltr\" data-setdir=\"false\">Wir werden ein Gru\u00dfwort unserer Bisch\u00f6fin, Frau Beate Hofmann, der Evangelischen Kirche von Kurhessen-Waldeck, die unseren Abend unterst\u00fctzt, verlesen und freuen uns \u00fcber die Anwesenheit der Kirche, der Politk, der Medizin, der Verb\u00e4nde, der Freunde, der Unterst\u00fctzer der Menschen in der Ukraine.<\/div>\n<div class=\"ydp7cae014ayahoo-style-wrap\" dir=\"ltr\" data-setdir=\"false\">Besonders freuen uns \u00fcber die G\u00e4ste aus der Ukraine, die uns nicht nur das Leid zeigen, sondern auch den Mut und die Hoffnung, die sie antreiben weiterhin im Einsatz f\u00fcr ihr Land zu sein.<\/div>\n<div class=\"ydp7cae014ayahoo-style-wrap\" dir=\"ltr\" data-setdir=\"false\">Es werden \u00c4rzte aus dem Krankenhaus in Vinnitsia kommen, in dem der Mediziner Herr Franz Lutz, nahezu monatlich arbeitet, Vertreter der neu gegr\u00fcndeten Kinderpsychiatrie, Medizinstudenten und Anastasia, ehem Pressesprecherin von Ohmadytdes dem gr\u00f6\u00dften Krankenhauses in Kiew, die jetzt als NGO bei FRIEDA, einer ukrainisch-israelischen Versorgung frontnah f\u00fcr Zivilisten arbeitet.<\/div>\n<div class=\"ydp7cae014ayahoo-style-wrap\" dir=\"ltr\" data-setdir=\"false\"><\/div>\n<div class=\"ydp7cae014ayahoo-style-wrap\" dir=\"ltr\" data-setdir=\"false\">Ein Blick in &#8220; unsere&#8220; Kinderpsychiatrie, angegliedert an das Krankenhaus in Vinnitisia, das Anfang des Jahres gegr\u00fcndet wurde und im Fr\u00fchsommer (Dank der Spenden von Rotary und den Johannitern) schon die ersten 20 Patienten aufnehmen konnte, rundet den Abend ab. Dankbar sind wir hierbei \u00fcber den Kontakt zu befreundeten Diplom Psychologen, die uns unterst\u00fctzen und beraten.<\/div>\n<div class=\"ydp7cae014ayahoo-style-wrap\" dir=\"ltr\" data-setdir=\"false\">Im Anschlu\u00df an den Abend wird es bei ukrainischen Kl\u00e4ngen und Diskussionen einen kleinen Imbi\u00df geben.<\/div>\n<div class=\"ydp7cae014ayahoo-style-wrap\" dir=\"ltr\" data-setdir=\"false\">Wir freuen uns auf die Berichte, den Austausch, das Zusammensein mit Euch\/ mit Ihnen allen.<\/div>\n<div dir=\"ltr\" data-setdir=\"false\"><\/div>\n<h4 class=\"ydp7cae014ayahoo-style-wrap\" dir=\"ltr\" data-setdir=\"false\"><strong>Viele liebe Gr\u00fc\u00dfe aus Hausen<\/strong><\/h4>\n<h4 class=\"ydp7cae014ayahoo-style-wrap\" dir=\"ltr\" data-setdir=\"false\"><strong>Donata Schenck und Franz Lutz<\/strong><\/h4>\n<div class=\"ydp7cae014ayahoo-style-wrap\" dir=\"ltr\" data-setdir=\"false\"><\/div>\n<h6><strong>Donata Schenck<\/strong><\/h6>\n<h6><strong><span dir=\"ltr\">Lerchenweg 5<\/span><\/strong><\/h6>\n<h6><strong><span dir=\"ltr\">36280 Oberaula-Hausen<\/span><\/strong><\/h6>\n","protected":false},"excerpt":{"rendered":"<p>Sehr geehrte Herrn und Damen, liebe Freunde und Freundinnen, liebe Unterst\u00fctzer der Menschen in der Ukraine, Sehr herzlich m\u00f6chte Sie auf die unten stehende Einladung hinweisen: EIN ABEND MIT UKRAINSICHEN [&hellip;]<\/p>\n","protected":false},"author":3,"featured_media":0,"comment_status":"open","ping_status":"closed","sticky":false,"template":"","format":"standard","meta":{"_price":"","_stock":"","_tribe_ticket_header":"","_tribe_default_ticket_provider":"","_tribe_ticket_capacity":"0","_ticket_start_date":"","_ticket_end_date":"","_tribe_ticket_show_description":"","_tribe_ticket_show_not_going":false,"_tribe_ticket_use_global_stock":"","_tribe_ticket_global_stock_level":"","_global_stock_mode":"","_global_stock_cap":"","_tribe_rsvp_for_event":"","_tribe_ticket_going_count":"","_tribe_ticket_not_going_count":"","_tribe_tickets_list":"[]","_tribe_ticket_has_attendee_info_fields":false,"footnotes":""},"categories":[2],"tags":[],"_links":{"self":[{"href":"https:\/\/hausen-aulatal.de\/index.php?rest_route=\/wp\/v2\/posts\/28025"}],"collection":[{"href":"https:\/\/hausen-aulatal.de\/index.php?rest_route=\/wp\/v2\/posts"}],"about":[{"href":"https:\/\/hausen-aulatal.de\/index.php?rest_route=\/wp\/v2\/types\/post"}],"author":[{"embeddable":true,"href":"https:\/\/hausen-aulatal.de\/index.php?rest_route=\/wp\/v2\/users\/3"}],"replies":[{"embeddable":true,"href":"https:\/\/hausen-aulatal.de\/index.php?rest_route=%2Fwp%2Fv2%2Fcomments&post=28025"}],"version-history":[{"count":5,"href":"https:\/\/hausen-aulatal.de\/index.php?rest_route=\/wp\/v2\/posts\/28025\/revisions"}],"predecessor-version":[{"id":28030,"href":"https:\/\/hausen-aulatal.de\/index.php?rest_route=\/wp\/v2\/posts\/28025\/revisions\/28030"}],"wp:attachment":[{"href":"https:\/\/hausen-aulatal.de\/index.php?rest_route=%2Fwp%2Fv2%2Fmedia&parent=28025"}],"wp:term":[{"taxonomy":"category","embeddable":true,"href":"https:\/\/hausen-aulatal.de\/index.php?rest_route=%2Fwp%2Fv2%2Fcategories&post=28025"},{"taxonomy":"post_tag","embeddable":true,"href":"https:\/\/hausen-aulatal.de\/index.php?rest_route=%2Fwp%2Fv2%2Ftags&post=28025"}],"curies":[{"name":"wp","href":"https:\/\/api.w.org\/{rel}","templated":true}]}}