{"id":28031,"date":"2025-09-28T21:21:55","date_gmt":"2025-09-28T19:21:55","guid":{"rendered":"https:\/\/hausen-aulatal.de\/?p=28031"},"modified":"2025-09-28T21:23:49","modified_gmt":"2025-09-28T19:23:49","slug":"ukraine-im-krieg-kinder-im-fokus-2","status":"publish","type":"post","link":"https:\/\/hausen-aulatal.de\/?p=28031","title":{"rendered":"Ukraine im Krieg \u2013 Kinder im Fokus"},"content":{"rendered":"<h1 dir=\"ltr\" style=\"text-align: center;\"><strong>Einladung zur Informationsveranstaltung<\/strong><\/h1>\n<p>&nbsp;<\/p>\n<div dir=\"ltr\"><\/div>\n<h3 dir=\"ltr\" style=\"text-align: center;\"><strong>Ukraine im Krieg \u2013 Kinder im Fokus<\/strong><\/h3>\n<h3 dir=\"ltr\" style=\"text-align: center;\"><strong><span dir=\"ltr\">12. Oktober, 17:00 Uhr<\/span>, Kirche in Hausen<\/strong><\/h3>\n<p>&nbsp;<\/p>\n<div dir=\"ltr\"><\/div>\n<h4 dir=\"ltr\"><strong>Sehr geehrte Damen und Herren,<\/strong><\/h4>\n<h4 dir=\"ltr\"><strong>liebe Freundinnen und Freunde,<\/strong><\/h4>\n<div dir=\"ltr\"><\/div>\n<div dir=\"ltr\">die Lage in der Ukraine versch\u00e4rft sich von Woche zu Woche. Die j\u00fcngsten, immer intensiver werdenden russischen Angriffe zeigen deutlich, dass eine weitere Verschlechterung der humanit\u00e4ren Situation zu erwarten ist. Besonders betroffen sind die Schw\u00e4chsten \u2013 Kinder, Jugendliche und ihre Familien.<\/div>\n<div dir=\"ltr\"><\/div>\n<div dir=\"ltr\">Wir m\u00f6chten Sie daher herzlich einladen zu einer besonderen Informationsveranstaltung in der Kirche in Hausen.<\/div>\n<div dir=\"ltr\"><\/div>\n<h4 dir=\"ltr\"><strong>Programm<\/strong><\/h4>\n<div dir=\"ltr\">\u2022 Berichte aus erster Hand: Drei Vertreterinnen und Vertreter der Kinder- und Jugendpsychiatrie in Winnyzja berichten \u00fcber die aktuelle Lage in ihrer Klinik und \u00fcber die Herausforderungen in der psychosozialen Versorgung.<\/div>\n<div dir=\"ltr\">\u2022 Pers\u00f6nliche Einblicke: Drei ukrainische Medizinstudentinnen und -studenten schildern ihr Leben im Kriegsalltag zwischen Studium, Notfallhilfe und pers\u00f6nlicher Unsicherheit.<\/div>\n<div dir=\"ltr\">\u2022 Gespr\u00e4ch &amp; Austausch: Im Anschluss besteht Gelegenheit, Fragen zu stellen und miteinander ins Gespr\u00e4ch zu kommen.<\/div>\n<div dir=\"ltr\"><\/div>\n<h4 dir=\"ltr\"><strong>Warum diese Veranstaltung wichtig ist<\/strong><\/h4>\n<div dir=\"ltr\"><\/div>\n<div dir=\"ltr\">Diese Begegnung bietet Ihnen die M\u00f6glichkeit, authentische Stimmen aus der Ukraine zu h\u00f6ren \u2013 direkt von Menschen, die t\u00e4glich unter schwierigsten Bedingungen arbeiten und leben. Sie zeigen uns nicht nur das Leid, sondern auch den Mut und die Hoffnung, die sie antreiben.<\/div>\n<div dir=\"ltr\"><\/div>\n<div dir=\"ltr\">\u2e3b<\/div>\n<div dir=\"ltr\"><\/div>\n<h4 dir=\"ltr\" style=\"text-align: left;\">\ud83d\udcc5 <strong>Datum: <span dir=\"ltr\">Sonntag, 12. Oktober 2025<\/span><\/strong><\/h4>\n<h4 dir=\"ltr\" style=\"text-align: left;\"><strong>\ud83d\udd54 Uhrzeit: <span dir=\"ltr\">17:00 Uhr<\/span><\/strong><\/h4>\n<h4 dir=\"ltr\" style=\"text-align: left;\"><strong>\ud83d\udccd Ort: Evangelische Kirche, Hausen<\/strong><\/h4>\n<div dir=\"ltr\"><\/div>\n<div dir=\"ltr\">\u2e3b<\/div>\n<div dir=\"ltr\"><\/div>\n<div dir=\"ltr\">Wir laden Sie ein, gemeinsam mit uns Solidarit\u00e4t zu zeigen, Hoffnung zu st\u00e4rken und Verantwortung zu \u00fcbernehmen.<\/div>\n<div dir=\"ltr\">Ihr Kommen ist ein Zeichen der Verbundenheit mit den Menschen in der Ukraine.<\/div>\n","protected":false},"excerpt":{"rendered":"<p>Einladung zur Informationsveranstaltung &nbsp; Ukraine im Krieg \u2013 Kinder im Fokus 12. Oktober, 17:00 Uhr, Kirche in Hausen &nbsp; Sehr geehrte Damen und Herren, liebe Freundinnen und Freunde, die Lage [&hellip;]<\/p>\n","protected":false},"author":3,"featured_media":0,"comment_status":"open","ping_status":"closed","sticky":false,"template":"","format":"standard","meta":{"_price":"","_stock":"","_tribe_ticket_header":"","_tribe_default_ticket_provider":"","_tribe_ticket_capacity":"0","_ticket_start_date":"","_ticket_end_date":"","_tribe_ticket_show_description":"","_tribe_ticket_show_not_going":false,"_tribe_ticket_use_global_stock":"","_tribe_ticket_global_stock_level":"","_global_stock_mode":"","_global_stock_cap":"","_tribe_rsvp_for_event":"","_tribe_ticket_going_count":"","_tribe_ticket_not_going_count":"","_tribe_tickets_list":"[]","_tribe_ticket_has_attendee_info_fields":false,"footnotes":""},"categories":[2],"tags":[],"_links":{"self":[{"href":"https:\/\/hausen-aulatal.de\/index.php?rest_route=\/wp\/v2\/posts\/28031"}],"collection":[{"href":"https:\/\/hausen-aulatal.de\/index.php?rest_route=\/wp\/v2\/posts"}],"about":[{"href":"https:\/\/hausen-aulatal.de\/index.php?rest_route=\/wp\/v2\/types\/post"}],"author":[{"embeddable":true,"href":"https:\/\/hausen-aulatal.de\/index.php?rest_route=\/wp\/v2\/users\/3"}],"replies":[{"embeddable":true,"href":"https:\/\/hausen-aulatal.de\/index.php?rest_route=%2Fwp%2Fv2%2Fcomments&post=28031"}],"version-history":[{"count":4,"href":"https:\/\/hausen-aulatal.de\/index.php?rest_route=\/wp\/v2\/posts\/28031\/revisions"}],"predecessor-version":[{"id":28038,"href":"https:\/\/hausen-aulatal.de\/index.php?rest_route=\/wp\/v2\/posts\/28031\/revisions\/28038"}],"wp:attachment":[{"href":"https:\/\/hausen-aulatal.de\/index.php?rest_route=%2Fwp%2Fv2%2Fmedia&parent=28031"}],"wp:term":[{"taxonomy":"category","embeddable":true,"href":"https:\/\/hausen-aulatal.de\/index.php?rest_route=%2Fwp%2Fv2%2Fcategories&post=28031"},{"taxonomy":"post_tag","embeddable":true,"href":"https:\/\/hausen-aulatal.de\/index.php?rest_route=%2Fwp%2Fv2%2Ftags&post=28031"}],"curies":[{"name":"wp","href":"https:\/\/api.w.org\/{rel}","templated":true}]}}