{"id":28067,"date":"2025-10-07T12:02:02","date_gmt":"2025-10-07T10:02:02","guid":{"rendered":"https:\/\/hausen-aulatal.de\/?p=28067"},"modified":"2025-10-12T11:28:02","modified_gmt":"2025-10-12T09:28:02","slug":"von-mut-und-hoffnung-berichten-ukrainer","status":"publish","type":"post","link":"https:\/\/hausen-aulatal.de\/?p=28067","title":{"rendered":"Ukrainische G\u00e4ste in der Patronatskirche Hausen"},"content":{"rendered":"<h1 style=\"text-align: center;\"><a href=\"https:\/\/hausen-aulatal.de\/wp-content\/uploads\/2016\/08\/Logo-osthessen-news.png\"><img loading=\"lazy\" decoding=\"async\" class=\"alignnone size-full wp-image-6344\" src=\"https:\/\/hausen-aulatal.de\/wp-content\/uploads\/2016\/08\/Logo-osthessen-news.png\" alt=\"\" width=\"461\" height=\"90\" srcset=\"https:\/\/hausen-aulatal.de\/wp-content\/uploads\/2016\/08\/Logo-osthessen-news.png 461w, https:\/\/hausen-aulatal.de\/wp-content\/uploads\/2016\/08\/Logo-osthessen-news-300x58.png 300w\" sizes=\"(max-width: 461px) 100vw, 461px\" \/><\/a><\/h1>\n<p style=\"text-align: center;\">07.10.2025<\/p>\n<p style=\"text-align: center;\"><a href=\"https:\/\/hausen-aulatal.de\/wp-content\/uploads\/2025\/10\/Donata-Kirche-Hausen.png\"><img loading=\"lazy\" decoding=\"async\" class=\"alignnone size-full wp-image-28076\" src=\"https:\/\/hausen-aulatal.de\/wp-content\/uploads\/2025\/10\/Donata-Kirche-Hausen.png\" alt=\"\" width=\"1280\" height=\"853\" srcset=\"https:\/\/hausen-aulatal.de\/wp-content\/uploads\/2025\/10\/Donata-Kirche-Hausen.png 1280w, https:\/\/hausen-aulatal.de\/wp-content\/uploads\/2025\/10\/Donata-Kirche-Hausen-300x200.png 300w, https:\/\/hausen-aulatal.de\/wp-content\/uploads\/2025\/10\/Donata-Kirche-Hausen-1024x682.png 1024w, https:\/\/hausen-aulatal.de\/wp-content\/uploads\/2025\/10\/Donata-Kirche-Hausen-768x512.png 768w\" sizes=\"(max-width: 1280px) 100vw, 1280px\" \/><\/a><\/p>\n<h6><strong>Donata Freifrau Schenck zu Schweinsberg engagiert sich f\u00fcr die Solidarit\u00e4t mit den Menschen aus der Ukraine &#8211; Archivbild: O|N\/Moritz R\u00f6s<\/strong><\/h6>\n<h1 class=\"headline\" style=\"text-align: justify;\">Am Sonntag: Ein Abend mit ukrainischen G\u00e4sten in der Kirche zu Hausen<\/h1>\n<div id=\"news\" class=\"news\">\n<p style=\"text-align: justify;\"><strong>Der Krieg in der Ukraine ist t\u00e4glich in den Nachrichten, die Auswirkungen auch in Deutschland sp\u00fcrbar. Doch am meisten sind die Menschen aus der Ukraine betroffen. In Hausen (Oberaula) im Schwalm-Eder-Kreis laden engagierte B\u00fcrgerinnen und B\u00fcrger am Sonntag um 17 Uhr in der Patronatskirche zu einem Abend mit ukrainischen G\u00e4sten ein<\/strong>.<\/p>\n<p style=\"text-align: justify;\">Die Schirmherrschaft \u00fcber diese Veranstaltung \u00fcbernimmt die Bisch\u00f6fin der Evangelischen Kirche von Kurhessen-Waldeck Beate Hofmann: &#8222;Wir d\u00fcrfen nicht aufh\u00f6ren, das Leid des \u00fcberfallenden Volkes zu h\u00f6ren und ihnen mit Worten und Taten unsere Solidarit\u00e4t zu zeigen&#8220; und verweist auf das Buch der Spr\u00fcche (31,8-9).<\/p>\n<p style=\"text-align: justify;\">&#8222;Wir, die Initiatoren, der Neurologe Franz Lutz und Donata von Schenck sowie Dr. Felix Haug, Regierungsdirektor im Hessischen Finanzministeriums, freuen uns \u00fcber das Kommen der Vertreter der Kirche, der Politk, der Medizin, der Verb\u00e4nde, der Freunde, aller Unterst\u00fctzer der Menschen in der Ukraine&#8220;, schreibt Donata von Schenck.<\/p>\n<h2 style=\"text-align: justify;\">&#8222;Sie zeigen uns Mut und Hoffnung&#8220;<\/h2>\n<p style=\"text-align: justify;\"><span class=\"lp_is_start\">Die G\u00e4ste aus der Ukraine, zeigen uns nicht nur das Leid, sondern auch den Mut und die Hoffnung, die sie antreiben weiterhin im Einsatz f\u00fcr ihr Land zu sein. &#8222;Es werden \u00c4rzte aus dem Krankenhaus in Vinnitsia kommen, Vertreter der neu gegr\u00fcndeten Kinderpsychiatrie, die wir dank Spenden auf den Weg bringen konnten, Medizinstudenten und Anastasia, die als NGO (Nichtregierungsorganisation) frontnah arbeitet. Dankbar sind wir hierbei \u00fcber den Kontakt zu befreundeten Diplom-Psychologen aus M\u00fcnchen sowie zu Professor Julian Merill, der Kinderpsychiatrie in Stuttgart, die dem ukrainischen Team beratend zur Seite stehen werden&#8220;, schreiben die Organisatoren zu diesem besonderen Abend in Hausen.<\/span><\/p>\n<p style=\"text-align: justify;\">Die Tanzm\u00e4use aus Oberaula werden den Abend mit einem ukrainischen Tanz er\u00f6ffnen. Im Anschluss an den Abend wird es bei ukrainischen Kl\u00e4ngen und Diskussionen einen kleinen Imbiss geben. (pm\/hhb)<\/p>\n<p style=\"text-align: center;\">&#8212;&#8212;&#8212;&#8212;&#8212;&#8212;<\/p>\n<h1 class=\"article-meta\" style=\"text-align: center;\"><strong><span class=\"ng-binding\">Schw\u00e4lmer Allgemeine<\/span><\/strong><\/h1>\n<h6 class=\"article-meta\" style=\"text-align: center;\"><strong><span class=\"ng-binding\">Freitag, 10. Oktober 2025<\/span><\/strong><\/h6>\n<h1 class=\"article-title ng-binding\">Ukrainer berichten von Mut und Hoffnung<\/h1>\n<div class=\"article-img-desc ng-binding\"><\/div>\n<div class=\"article-teaser ng-binding\"><strong>Hausen<\/strong> \u2013 Ein Abend mit ukrainischen G\u00e4sten bietet Einblicke in die aktuelle Situation in der Ukraine und stellt die Arbeit von \u00c4rzten, Psychologen und Unterst\u00fctzern vor. Die Veranstaltung findet am Sonntag, 12. Oktober, um 17 Uhr in der Patronatskirche Oberaula-Hausen, statt.<\/div>\n<div class=\"article-body ng-binding\">\n<p>Zu Beginn des Abends wird ein Gru\u00dfwort von Bisch\u00f6fin Beate Hofmann von der Evangelischen Kirche von Kurhessen-Waldeck verlesen, deren Unterst\u00fctzung die Veranstaltung erm\u00f6glicht. Erwartet werden G\u00e4ste aus Kirche, Politik, Medizin, Verb\u00e4nden sowie Unterst\u00fctzer der Menschen in der Ukraine.<\/p>\n<p class=\"zwischenueberschrift\"><strong>Einblick in Kinderpsychiatrie<\/strong><\/p>\n<p>Im Mittelpunkt stehen die G\u00e4ste aus der Ukraine, darunter \u00c4rzte aus dem Krankenhaus in Vinnitsia, in dem der Oberaulaer Mediziner Franz Lutz regelm\u00e4\u00dfig arbeitet, Vertreter der neu gegr\u00fcndeten Kinderpsychiatrie, Medizinstudierende sowie die ehemalige Pressesprecherin des gr\u00f6\u00dften Krankenhauses in Kiew, die heute f\u00fcr die NGO Frieda in der Versorgung von Zivilisten t\u00e4tig ist.<\/p>\n<p>\u201eBesonders freuen uns \u00fcber die G\u00e4ste aus der Ukraine, die uns nicht nur das Leid zeigen, sondern auch den Mut und die Hoffnung, die sie antreiben, weiterhin im Einsatz f\u00fcr ihr Land zu sein\u201c, hei\u00dft es von den Veranstaltern. Ein besonderer Programmpunkt ist der Einblick in die Kinderpsychiatrie am Krankenhaus in Vinnitsia, die Anfang des Jahres gegr\u00fcndet wurde und im Fr\u00fchsommer 2025 \u2013 dank Spenden von Rotary und den Johannitern \u2013 die ersten 20 Patienten aufnehmen konnte. \u201eDankbar sind wir hierbei \u00fcber den Kontakt zu befreundeten Diplom-Psychologen, die uns unterst\u00fctzen und beraten\u201c, betonen die Organisatoren.<\/p>\n<p>Im Anschluss an die Berichte und den Austausch gibt es bei ukrainischen Kl\u00e4ngen und Diskussionen einen kleinen Imbiss. Die Veranstalter laden herzlich zum gemeinsamen Austausch und Miteinander ein.<\/p>\n<p>Parkm\u00f6glichkeiten stehen rund um die Kirche sowie \u201eAm Damm\u201c auf dem Dorfparkplatz zur Verf\u00fcgung.<\/p>\n<p style=\"text-align: center;\">&#8212;&#8212;&#8212;&#8211;<\/p>\n<\/div>\n<\/div>\n<h1 class=\"article-meta\" style=\"text-align: center;\"><strong><span class=\"ng-binding\">Hersfelder Zeitung<\/span><\/strong><\/h1>\n<h6 class=\"article-meta\" style=\"text-align: center;\"><strong><span class=\"ng-binding\">Freitag, 10. Oktober 2025<\/span>\u00a0<\/strong><\/h6>\n<h1 class=\"article-title ng-binding\">Ukraine: Von Mut und Hoffnung<\/h1>\n<div class=\"article-body ng-binding\">\n<p><em class=\"fett\">Hausen \u2013 <\/em>Ein Abend mit ukrainischen G\u00e4sten bietet Einblicke in die aktuelle Situation in der Ukraine und stellt die Arbeit von \u00c4rzten, Psychologen und Unterst\u00fctzern vor. Die Veranstaltung findet am Sonntag, 12. Oktober, um 17 Uhr in der Patronatskirche Oberaula-Hausen, statt.<\/p>\n<p>Zu Beginn des Abends wird ein Gru\u00dfwort von Bisch\u00f6fin Beate Hofmann von der Evangelischen Kirche von Kurhessen-Waldeck verlesen, deren Unterst\u00fctzung die Veranstaltung erm\u00f6glicht.<\/p>\n<p>Erwartet werden G\u00e4ste aus Kirche, Politik, Medizin, Verb\u00e4nden sowie Unterst\u00fctzer der Menschen in der Ukraine.<\/p>\n<p>Im Mittelpunkt stehen die G\u00e4ste aus der Ukraine, darunter \u00c4rzte aus dem Krankenhaus in Vinnitsia, in dem der Oberaulaer Mediziner Franz Lutz regelm\u00e4\u00dfig arbeitet, Vertreter der neu gegr\u00fcndeten Kinderpsychiatrie, Medizinstudierende sowie die ehemalige Pressesprecherin des gr\u00f6\u00dften Krankenhauses in Kiew, die heute f\u00fcr die NGO Frieda in der Versorgung von Zivilisten t\u00e4tig ist.<\/p>\n<p>\u201eBesonders freuen uns \u00fcber die G\u00e4ste aus der Ukraine, die uns nicht nur das Leid zeigen, sondern auch den Mut und die Hoffnung, die sie antreiben, weiterhin im Einsatz f\u00fcr ihr Land zu sein\u201c, hei\u00dft es von den Veranstaltern. Ein besonderer Programmpunkt ist der Einblick in die Kinderpsychiatrie am Krankenhaus in Vinnitsia, die Anfang des Jahres gegr\u00fcndet wurde und im Fr\u00fchsommer 2025 \u2013 dank Spenden von Rotary und den Johannitern \u2013 die ersten 20 Patienten aufnehmen konnte.<\/p>\n<p>\u201eDankbar sind wir hierbei \u00fcber den Kontakt zu befreundeten Diplom-Psychologen, die uns unterst\u00fctzen und beraten\u201c, betonen die Organisatoren.<\/p>\n<p>Im Anschluss an die Berichte und den Austausch gibt es bei ukrainischen Kl\u00e4ngen und Diskussionen einen kleinen Imbiss. Die Veranstalter laden herzlich zum gemeinsamen Austausch und Miteinander ein.<\/p>\n<p>Parkm\u00f6glichkeiten stehen rund um die Kirche sowie \u201eAm Damm\u201c auf dem Dorfparkplatz zur Verf\u00fcgung.<\/p>\n<\/div>\n<p>&nbsp;<\/p>\n<p style=\"text-align: center;\">\u2014\u2014\u2014\u2014\u2014\u2014<\/p>\n<h1 dir=\"ltr\" style=\"text-align: center;\"><strong><br \/>\nEinladung zur Informationsveranstaltung<\/strong><\/h1>\n<p>&nbsp;<\/p>\n<div dir=\"ltr\"><\/div>\n<h2 dir=\"ltr\" style=\"text-align: center;\"><strong>Ukraine im Krieg \u2013 Kinder im Fokus<\/strong><\/h2>\n<h2 dir=\"ltr\" style=\"text-align: center;\"><strong><span dir=\"ltr\">12. Oktober, 17:00 Uhr<\/span>, Kirche in Hausen<\/strong><\/h2>\n<p>&nbsp;<\/p>\n<div dir=\"ltr\"><\/div>\n<h2 dir=\"ltr\"><strong>Sehr geehrte Damen und Herren,<\/strong><\/h2>\n<h2 dir=\"ltr\"><strong>liebe Freundinnen und Freunde,<\/strong><\/h2>\n<div dir=\"ltr\"><\/div>\n<div dir=\"ltr\">die Lage in der Ukraine versch\u00e4rft sich von Woche zu Woche. Die j\u00fcngsten, immer intensiver werdenden russischen Angriffe zeigen deutlich, dass eine weitere Verschlechterung der humanit\u00e4ren Situation zu erwarten ist. Besonders betroffen sind die Schw\u00e4chsten \u2013 Kinder, Jugendliche und ihre Familien.<\/div>\n<div dir=\"ltr\"><\/div>\n<div dir=\"ltr\">Wir m\u00f6chten Sie daher herzlich einladen zu einer besonderen Informationsveranstaltung in der Kirche in Hausen.<\/div>\n<h4 dir=\"ltr\"><strong>Programm<\/strong><\/h4>\n<div dir=\"ltr\">\u2022 Berichte aus erster Hand: Drei Vertreterinnen und Vertreter der Kinder- und Jugendpsychiatrie in Winnyzja berichten \u00fcber die aktuelle Lage in ihrer Klinik und \u00fcber die Herausforderungen in der psychosozialen Versorgung.<\/div>\n<div dir=\"ltr\">\u2022 Pers\u00f6nliche Einblicke: Drei ukrainische Medizinstudentinnen und -studenten schildern ihr Leben im Kriegsalltag zwischen Studium, Notfallhilfe und pers\u00f6nlicher Unsicherheit.<\/div>\n<div dir=\"ltr\">\u2022 Gespr\u00e4ch &amp; Austausch: Im Anschluss besteht Gelegenheit, Fragen zu stellen und miteinander ins Gespr\u00e4ch zu kommen.<\/div>\n<h4 dir=\"ltr\"><strong>Warum diese Veranstaltung wichtig ist<\/strong><\/h4>\n<div dir=\"ltr\">Diese Begegnung bietet Ihnen die M\u00f6glichkeit, authentische Stimmen aus der Ukraine zu h\u00f6ren \u2013 direkt von Menschen, die t\u00e4glich unter schwierigsten Bedingungen arbeiten und leben. Sie zeigen uns nicht nur das Leid, sondern auch den Mut und die Hoffnung, die sie antreiben.<\/div>\n<div dir=\"ltr\">\u2e3b<\/div>\n<div dir=\"ltr\"><\/div>\n<h2 dir=\"ltr\" style=\"text-align: center;\"><strong>\ud83d\udcc5 Datum: <span dir=\"ltr\">Sonntag, 12. Oktober 2025<\/span><\/strong><\/h2>\n<h2 dir=\"ltr\" style=\"text-align: center;\"><strong>\ud83d\udd54 Uhrzeit: <span dir=\"ltr\">17:00 Uhr<\/span><\/strong><\/h2>\n<h2 dir=\"ltr\" style=\"text-align: center;\"><strong>\ud83d\udccd Ort: Evangelische Kirche, Hausen<\/strong><\/h2>\n<div dir=\"ltr\"><\/div>\n<div dir=\"ltr\">\u2e3b<\/div>\n<div dir=\"ltr\">Wir laden Sie ein, gemeinsam mit uns Solidarit\u00e4t zu zeigen, Hoffnung zu st\u00e4rken und Verantwortung zu \u00fcbernehmen.<\/div>\n<div dir=\"ltr\">Ihr Kommen ist ein Zeichen der Verbundenheit mit den Menschen in der Ukraine.<\/div>\n<div dir=\"ltr\"><\/div>\n<div dir=\"ltr\"><\/div>\n<div dir=\"ltr\"><\/div>\n<p style=\"text-align: center;\"><a href=\"https:\/\/hausen-aulatal.de\/wp-content\/uploads\/2019\/10\/Logo-HZ.png\"><img loading=\"lazy\" decoding=\"async\" class=\"alignnone size-full wp-image-11504\" src=\"https:\/\/hausen-aulatal.de\/wp-content\/uploads\/2019\/10\/Logo-HZ.png\" alt=\"\" width=\"349\" height=\"48\" srcset=\"https:\/\/hausen-aulatal.de\/wp-content\/uploads\/2019\/10\/Logo-HZ.png 349w, https:\/\/hausen-aulatal.de\/wp-content\/uploads\/2019\/10\/Logo-HZ-300x41.png 300w\" sizes=\"(max-width: 349px) 100vw, 349px\" \/><\/a><\/p>\n<h6 style=\"text-align: center;\"><strong>02.10.82025<\/strong><\/h6>\n<p><a href=\"https:\/\/hausen-aulatal.de\/wp-content\/uploads\/2025\/10\/IMG_0823.jpeg\"><img loading=\"lazy\" decoding=\"async\" class=\"size-full wp-image-28066\" src=\"https:\/\/hausen-aulatal.de\/wp-content\/uploads\/2025\/10\/IMG_0823.jpeg\" alt=\"\" width=\"1140\" height=\"1762\" srcset=\"https:\/\/hausen-aulatal.de\/wp-content\/uploads\/2025\/10\/IMG_0823.jpeg 1140w, https:\/\/hausen-aulatal.de\/wp-content\/uploads\/2025\/10\/IMG_0823-194x300.jpeg 194w, https:\/\/hausen-aulatal.de\/wp-content\/uploads\/2025\/10\/IMG_0823-663x1024.jpeg 663w, https:\/\/hausen-aulatal.de\/wp-content\/uploads\/2025\/10\/IMG_0823-768x1187.jpeg 768w, https:\/\/hausen-aulatal.de\/wp-content\/uploads\/2025\/10\/IMG_0823-994x1536.jpeg 994w\" sizes=\"(max-width: 1140px) 100vw, 1140px\" \/><\/a><\/p>\n","protected":false},"excerpt":{"rendered":"<p>07.10.2025 Donata Freifrau Schenck zu Schweinsberg engagiert sich f\u00fcr die Solidarit\u00e4t mit den Menschen aus der Ukraine &#8211; Archivbild: O|N\/Moritz R\u00f6s Am Sonntag: Ein Abend mit ukrainischen G\u00e4sten in der [&hellip;]<\/p>\n","protected":false},"author":3,"featured_media":0,"comment_status":"open","ping_status":"closed","sticky":false,"template":"","format":"standard","meta":{"_price":"","_stock":"","_tribe_ticket_header":"","_tribe_default_ticket_provider":"","_tribe_ticket_capacity":"0","_ticket_start_date":"","_ticket_end_date":"","_tribe_ticket_show_description":"","_tribe_ticket_show_not_going":false,"_tribe_ticket_use_global_stock":"","_tribe_ticket_global_stock_level":"","_global_stock_mode":"","_global_stock_cap":"","_tribe_rsvp_for_event":"","_tribe_ticket_going_count":"","_tribe_ticket_not_going_count":"","_tribe_tickets_list":"[]","_tribe_ticket_has_attendee_info_fields":false,"footnotes":""},"categories":[2],"tags":[],"_links":{"self":[{"href":"https:\/\/hausen-aulatal.de\/index.php?rest_route=\/wp\/v2\/posts\/28067"}],"collection":[{"href":"https:\/\/hausen-aulatal.de\/index.php?rest_route=\/wp\/v2\/posts"}],"about":[{"href":"https:\/\/hausen-aulatal.de\/index.php?rest_route=\/wp\/v2\/types\/post"}],"author":[{"embeddable":true,"href":"https:\/\/hausen-aulatal.de\/index.php?rest_route=\/wp\/v2\/users\/3"}],"replies":[{"embeddable":true,"href":"https:\/\/hausen-aulatal.de\/index.php?rest_route=%2Fwp%2Fv2%2Fcomments&post=28067"}],"version-history":[{"count":10,"href":"https:\/\/hausen-aulatal.de\/index.php?rest_route=\/wp\/v2\/posts\/28067\/revisions"}],"predecessor-version":[{"id":28109,"href":"https:\/\/hausen-aulatal.de\/index.php?rest_route=\/wp\/v2\/posts\/28067\/revisions\/28109"}],"wp:attachment":[{"href":"https:\/\/hausen-aulatal.de\/index.php?rest_route=%2Fwp%2Fv2%2Fmedia&parent=28067"}],"wp:term":[{"taxonomy":"category","embeddable":true,"href":"https:\/\/hausen-aulatal.de\/index.php?rest_route=%2Fwp%2Fv2%2Fcategories&post=28067"},{"taxonomy":"post_tag","embeddable":true,"href":"https:\/\/hausen-aulatal.de\/index.php?rest_route=%2Fwp%2Fv2%2Ftags&post=28067"}],"curies":[{"name":"wp","href":"https:\/\/api.w.org\/{rel}","templated":true}]}}