{"id":28093,"date":"2025-10-09T22:36:22","date_gmt":"2025-10-09T20:36:22","guid":{"rendered":"https:\/\/hausen-aulatal.de\/?p=28093"},"modified":"2025-10-09T22:36:22","modified_gmt":"2025-10-09T20:36:22","slug":"aulatal-will-personeller-misere-trotzen","status":"publish","type":"post","link":"https:\/\/hausen-aulatal.de\/?p=28093","title":{"rendered":"Aulatal will personeller Misere trotzen"},"content":{"rendered":"<h1 class=\"article-meta\" style=\"text-align: center;\"><strong><span class=\"ng-binding\">Hersfelder Zeitung<\/span><\/strong><\/h1>\n<h6 class=\"article-meta\" style=\"text-align: center;\"><strong><span class=\"ng-binding\">Freitag, 10. Oktober 2025<\/span><\/strong><\/h6>\n<div class=\"article-body ng-binding\">\n<p><em class=\"fett\">Oberaula \u2013 <\/em>N\u00e4chstes Heimspiel in Kirchheim: F\u00fcr den Tabellenf\u00fchrer der Fu\u00dfball-Gruppenliga, SG Aulatal, steht am Sonntag (15 Uhr) unterhalb der Autobahn die Partie gegen die zweite Mannschaft der SG Bad Soden an.<\/p>\n<p><em class=\"fett\">Die Ausgangslage:<\/em> Nach 13 Spieltagen f\u00fchrt die Mannschaft von Trainer Martin Friedrich die Tabelle mit zwei Punkten Vorsprung vor dem Meister der vergangenen Saison, Oberzell\/Z\u00fcntersbach, an. Am Sonntag mussten die ersatzgeschw\u00e4chten Aulataler beim 0:3 in Bronnzell ihre zweite Saisonniederlage hinnehmen. Zuvor war der Verbandsliga-Absteiger siebenmal ungeschlagen.<\/p>\n<p><em class=\"fett\">Die Trainerstimme:<\/em> \u201eWir hatten am Sonntag von Beginn an keine gute Energie auf dem Platz. Wir sind schlecht in die Zweik\u00e4mpfe gekommen und waren in Ballbesitz zu fehlerhaft\u201c, sagt Friedrich. Es sei ein Tag gewesen, an dem nicht viel zusammenlief. Aber den \u201egebrauchten Tag\u201c wolle man sich zugestehen. \u201eAm Sonntag m\u00fcssen wir wieder besser ins Spiel finden und konzentrierter agieren. Unsere personellen Probleme wollen wir nicht als Ausrede nutzen\u201c, sagt der 40-J\u00e4hrige.<\/p>\n<p><em class=\"fett\">Das Personal:<\/em> Eine halbe Mannschaft fehlte dem Coach zuletzt in Bronnzell. Und die Lage hat sich eher verschlechtert. Einzig Luca Eckhardt kehrt in den Kader zur\u00fcck. Aurelius R\u00f6th f\u00e4llt mit einer Muskelverletzung aus, Nils Fischer zwickt es in der Wade. Tim St\u00fcrmer hat eine Mandelentz\u00fcndung und Luca Kurz ist erk\u00e4ltet. Yannick Hahl ist in Urlaub, Simon M\u00fcller noch gesperrt. Felix Wind kommt am Wochenende zwar von seinem Japan-Aufenthalt zur\u00fcck, sein Einsatz ist aber noch fraglich.<\/p>\n<\/div>\n","protected":false},"excerpt":{"rendered":"<p>Hersfelder Zeitung Freitag, 10. Oktober 2025 Oberaula \u2013 N\u00e4chstes Heimspiel in Kirchheim: F\u00fcr den Tabellenf\u00fchrer der Fu\u00dfball-Gruppenliga, SG Aulatal, steht am Sonntag (15 Uhr) unterhalb der Autobahn die Partie gegen [&hellip;]<\/p>\n","protected":false},"author":3,"featured_media":0,"comment_status":"open","ping_status":"closed","sticky":false,"template":"","format":"standard","meta":{"_price":"","_stock":"","_tribe_ticket_header":"","_tribe_default_ticket_provider":"","_tribe_ticket_capacity":"0","_ticket_start_date":"","_ticket_end_date":"","_tribe_ticket_show_description":"","_tribe_ticket_show_not_going":false,"_tribe_ticket_use_global_stock":"","_tribe_ticket_global_stock_level":"","_global_stock_mode":"","_global_stock_cap":"","_tribe_rsvp_for_event":"","_tribe_ticket_going_count":"","_tribe_ticket_not_going_count":"","_tribe_tickets_list":"[]","_tribe_ticket_has_attendee_info_fields":false,"footnotes":""},"categories":[2],"tags":[],"_links":{"self":[{"href":"https:\/\/hausen-aulatal.de\/index.php?rest_route=\/wp\/v2\/posts\/28093"}],"collection":[{"href":"https:\/\/hausen-aulatal.de\/index.php?rest_route=\/wp\/v2\/posts"}],"about":[{"href":"https:\/\/hausen-aulatal.de\/index.php?rest_route=\/wp\/v2\/types\/post"}],"author":[{"embeddable":true,"href":"https:\/\/hausen-aulatal.de\/index.php?rest_route=\/wp\/v2\/users\/3"}],"replies":[{"embeddable":true,"href":"https:\/\/hausen-aulatal.de\/index.php?rest_route=%2Fwp%2Fv2%2Fcomments&post=28093"}],"version-history":[{"count":1,"href":"https:\/\/hausen-aulatal.de\/index.php?rest_route=\/wp\/v2\/posts\/28093\/revisions"}],"predecessor-version":[{"id":28094,"href":"https:\/\/hausen-aulatal.de\/index.php?rest_route=\/wp\/v2\/posts\/28093\/revisions\/28094"}],"wp:attachment":[{"href":"https:\/\/hausen-aulatal.de\/index.php?rest_route=%2Fwp%2Fv2%2Fmedia&parent=28093"}],"wp:term":[{"taxonomy":"category","embeddable":true,"href":"https:\/\/hausen-aulatal.de\/index.php?rest_route=%2Fwp%2Fv2%2Fcategories&post=28093"},{"taxonomy":"post_tag","embeddable":true,"href":"https:\/\/hausen-aulatal.de\/index.php?rest_route=%2Fwp%2Fv2%2Ftags&post=28093"}],"curies":[{"name":"wp","href":"https:\/\/api.w.org\/{rel}","templated":true}]}}