{"id":28097,"date":"2025-10-11T10:32:20","date_gmt":"2025-10-11T08:32:20","guid":{"rendered":"https:\/\/hausen-aulatal.de\/?p=28097"},"modified":"2025-10-11T10:32:20","modified_gmt":"2025-10-11T08:32:20","slug":"niederschrift-ueber-die-ortsbegehung-sitzung-des-ortsbeirates-hausen-am-17-06-2025","status":"publish","type":"post","link":"https:\/\/hausen-aulatal.de\/?p=28097","title":{"rendered":"Niederschrift \u00fcber die Ortsbegehung &#038; Sitzung  des Ortsbeirates Hausen am 17.06.2025"},"content":{"rendered":"<p><strong><u>Anwesende:<\/u><\/strong><\/p>\n<table width=\"638\">\n<tbody>\n<tr>\n<td width=\"165\"><u>vom Ortsbeirat:<\/u><\/td>\n<td width=\"198\"><u>entschuldigt:<\/u><\/td>\n<td width=\"274\"><u>G\u00e4ste:<\/u><\/td>\n<\/tr>\n<tr>\n<td width=\"165\">Erwin Albert<\/p>\n<p>J\u00f6rg Albert<\/p>\n<p>Alexander Erler<\/p>\n<p>B\u00e4rbel Hellwig<\/td>\n<td width=\"198\">Norbert Braun<\/p>\n<p>J\u00fcrgen Eckhardt<\/p>\n<p>Ilja R\u00fchl<\/p>\n<p>&nbsp;<\/td>\n<td width=\"274\">Markus Allendorf<\/td>\n<\/tr>\n<\/tbody>\n<\/table>\n<p>&nbsp;<\/p>\n<p>Die Mitglieder des Ortsbeirates Hausen wurden durch den Ortsvorsteher mit Schreiben vom 02.06.2025 zu einer Sitzung unter Angabe der Tagesordnung, der Zeit (Dienstag, 17.06.2025 18.00 Uhr) und des Ortes der Versammlung (Beginn Friedhof Hausen &amp; Karl-Dippoldsmann-Haus) zu einer Sitzung eingeladen.<\/p>\n<p><strong><u>Tagesordnungspunkt 1:<\/u><\/strong><strong>\u00a0 Er\u00f6ffnung und Begr\u00fc\u00dfung<\/strong><\/p>\n<p>J\u00f6rg Albert begr\u00fc\u00dfte alle gew\u00e4hlten Mitglieder des Ortsbeirates Hausen, sowie die anwesenden G\u00e4ste.<\/p>\n<p>Der Vorsitzende stellte bei Er\u00f6ffnung der Sitzung fest, dass gegen die ordnungsgem\u00e4\u00dfe<\/p>\n<p>Einberufung keine Einwendungen erhoben wurden.<\/p>\n<p><strong><u>Tagesordnungspunkt 2:<\/u><\/strong><strong>\u00a0 Feststellung der Beschlu\u00dff\u00e4higkeit<\/strong><\/p>\n<p>4 von 7 gew\u00e4hlten Mitglieder des Ortsbeirates sind anwesend, also ist die Versammlung beschlussf\u00e4hig.<\/p>\n<p><strong><u>Tagesordnungspunkt 3:<\/u><\/strong><strong> Dorfspaziergang<\/strong><\/p>\n<ul>\n<li>Weg am Friedhof ist neu gepflastert \u2013 ist sehr gut gelungen<\/li>\n<li>viele Grabst\u00e4tten am Friedbaum sind bereits belegt \u2013 es sollen weitere Grabst\u00e4tten am Friedbaum angelegt werden<\/li>\n<li>die Wasserstelle an der Hauptstra\u00dfe hat ein Leck und muss abgedichtet werden<\/li>\n<li>die Ger\u00e4teh\u00fctte muss neu gestrichen werden<\/li>\n<li>Anregung zur Anschaffung eines Rasenm\u00e4hers f\u00fcr den Sportplatz und andere \u00f6ffentliche Fl\u00e4chen<\/li>\n<li>Hinweisschild \/ Lageplan an der ehemaligen Hessenstube anbringen<\/li>\n<li>Standort f\u00fcr eine weitere Sirene zur Alarmierung der Einsatzkr\u00e4fte und Warnung der Bev\u00f6lkerung wurde von der Gemeinde in der Olber\u00f6der Stra\u00dfe geplant.<\/li>\n<li>Stra\u00dfe \u201eAm Damm\u201c soll der Erstausbau realisiert werden \u2013 dazu findet am 09.07.2025 eine Aliegerversammlung statt<\/li>\n<li>der H\u00e4userbach (\u201eTr\u00e4nk\u201c) muss wieder ausgebaggert werden<\/li>\n<li>DGH: Putz an den Au\u00dfentreppen Eingang DGH und Wohnung ist abgefallen<\/li>\n<li>Parkpl\u00e4tze am DGH: Pr\u00fcfung durch das Ordnungsamt, ob auf dem gegen\u00fcberliegenden Gehweg Fahrzeuge abgestellt werden k\u00f6nnen.<\/li>\n<li>Schutzh\u00fctte am Golfplatz: durch Starkregen verursachte Auswaschungen am Zufahrtsweg m\u00fcssen durch die Gemeinde ausgebessert werden.<\/li>\n<li>Trafostation Schorbacher Weg: Anfrage an die Gemeinde, wer ist f\u00fcr die Pflege rund um die Trafostation zust\u00e4ndig \u2013 insbesondere f\u00fcr die Entfernung von Laub im Herbst<\/li>\n<li>Info an das Bauamt, bitte mit einplanen, dass die Schlagl\u00f6cher \/ Absenkungen des Pflasters in der Stra\u00dfe \u201eH\u00f6chenweg\u201c \/ \u201eIm Ellertal\u201c vor dem Winter repariert werden sollen.<\/li>\n<\/ul>\n<p>Weitere Tagesordnungspunkte wurden nicht behandelt und werden in einer der n\u00e4chsten Sitzungen nachgeholt.<\/p>\n<p>Ende der Sitzung: 20.35 Uhr<\/p>\n<p>gez.<\/p>\n<p>Alexander Erler\u00a0\u00a0\u00a0\u00a0\u00a0\u00a0\u00a0 \u00a0\u00a0\u00a0\u00a0\u00a0\u00a0\u00a0\u00a0\u00a0\u00a0\u00a0\u00a0\u00a0\u00a0\u00a0\u00a0\u00a0\u00a0\u00a0\u00a0\u00a0\u00a0\u00a0 \u00a0\u00a0\u00a0\u00a0\u00a0\u00a0\u00a0\u00a0\u00a0\u00a0\u00a0 \u00a0 \u00a0\u00a0\u00a0\u00a0\u00a0\u00a0\u00a0\u00a0\u00a0 \u00a0\u00a0\u00a0\u00a0\u00a0\u00a0\u00a0\u00a0\u00a0\u00a0\u00a0J\u00f6rg Albert<\/p>\n<p>(Schriftf\u00fchrer)\u00a0\u00a0\u00a0\u00a0\u00a0\u00a0\u00a0\u00a0\u00a0\u00a0\u00a0\u00a0\u00a0\u00a0\u00a0\u00a0\u00a0\u00a0\u00a0\u00a0\u00a0\u00a0\u00a0\u00a0\u00a0\u00a0\u00a0\u00a0\u00a0\u00a0\u00a0\u00a0\u00a0 \u00a0\u00a0\u00a0\u00a0\u00a0\u00a0\u00a0\u00a0\u00a0\u00a0\u00a0 \u00a0\u00a0\u00a0\u00a0\u00a0\u00a0\u00a0\u00a0\u00a0\u00a0\u00a0\u00a0\u00a0\u00a0\u00a0\u00a0\u00a0\u00a0\u00a0\u00a0\u00a0\u00a0\u00a0 (Vorsitzender)<\/p>\n","protected":false},"excerpt":{"rendered":"<p>Anwesende: vom Ortsbeirat: entschuldigt: G\u00e4ste: Erwin Albert J\u00f6rg Albert Alexander Erler B\u00e4rbel Hellwig Norbert Braun J\u00fcrgen Eckhardt Ilja R\u00fchl &nbsp; Markus Allendorf &nbsp; Die Mitglieder des Ortsbeirates Hausen wurden durch [&hellip;]<\/p>\n","protected":false},"author":2,"featured_media":0,"comment_status":"open","ping_status":"closed","sticky":false,"template":"","format":"standard","meta":{"_price":"","_stock":"","_tribe_ticket_header":"","_tribe_default_ticket_provider":"","_tribe_ticket_capacity":"0","_ticket_start_date":"","_ticket_end_date":"","_tribe_ticket_show_description":"","_tribe_ticket_show_not_going":false,"_tribe_ticket_use_global_stock":"","_tribe_ticket_global_stock_level":"","_global_stock_mode":"","_global_stock_cap":"","_tribe_rsvp_for_event":"","_tribe_ticket_going_count":"","_tribe_ticket_not_going_count":"","_tribe_tickets_list":"[]","_tribe_ticket_has_attendee_info_fields":false,"footnotes":""},"categories":[2,11],"tags":[],"_links":{"self":[{"href":"https:\/\/hausen-aulatal.de\/index.php?rest_route=\/wp\/v2\/posts\/28097"}],"collection":[{"href":"https:\/\/hausen-aulatal.de\/index.php?rest_route=\/wp\/v2\/posts"}],"about":[{"href":"https:\/\/hausen-aulatal.de\/index.php?rest_route=\/wp\/v2\/types\/post"}],"author":[{"embeddable":true,"href":"https:\/\/hausen-aulatal.de\/index.php?rest_route=\/wp\/v2\/users\/2"}],"replies":[{"embeddable":true,"href":"https:\/\/hausen-aulatal.de\/index.php?rest_route=%2Fwp%2Fv2%2Fcomments&post=28097"}],"version-history":[{"count":1,"href":"https:\/\/hausen-aulatal.de\/index.php?rest_route=\/wp\/v2\/posts\/28097\/revisions"}],"predecessor-version":[{"id":28098,"href":"https:\/\/hausen-aulatal.de\/index.php?rest_route=\/wp\/v2\/posts\/28097\/revisions\/28098"}],"wp:attachment":[{"href":"https:\/\/hausen-aulatal.de\/index.php?rest_route=%2Fwp%2Fv2%2Fmedia&parent=28097"}],"wp:term":[{"taxonomy":"category","embeddable":true,"href":"https:\/\/hausen-aulatal.de\/index.php?rest_route=%2Fwp%2Fv2%2Fcategories&post=28097"},{"taxonomy":"post_tag","embeddable":true,"href":"https:\/\/hausen-aulatal.de\/index.php?rest_route=%2Fwp%2Fv2%2Ftags&post=28097"}],"curies":[{"name":"wp","href":"https:\/\/api.w.org\/{rel}","templated":true}]}}