{"id":28121,"date":"2025-10-12T23:00:24","date_gmt":"2025-10-12T21:00:24","guid":{"rendered":"https:\/\/hausen-aulatal.de\/?p=28121"},"modified":"2025-10-13T21:05:46","modified_gmt":"2025-10-13T19:05:46","slug":"spitzenreiter-aulatal-verliert-14","status":"publish","type":"post","link":"https:\/\/hausen-aulatal.de\/?p=28121","title":{"rendered":"Spitzenreiter Aulatal verliert 1:4"},"content":{"rendered":"<h1 class=\"article-meta\" style=\"text-align: center;\"><span class=\"ng-binding\" style=\"color: #000000;\">Hersfelder Zeitung<\/span><\/h1>\n<h5 class=\"article-dachzeile ng-binding\" style=\"text-align: center;\"><strong><span class=\"ng-binding\" style=\"font-size: 18px;\">Montag, 13. Oktober 2025<\/span><\/strong><\/h5>\n<h1 class=\"article-title ng-binding\">Kilian Krapps Freisto\u00df trifft nur die Latte<\/h1>\n<div class=\"article-teaser ng-binding\"><\/div>\n<div class=\"article-body ng-binding\">\n<p><em class=\"fett\">Kirchheim \u2013 <\/em>Das Positive vorneweg: Die Gruppenliga-Fu\u00dfballer der SG Aulatal bleiben auch nach der zweiten Niederlage in Folge Tabellenf\u00fchrer. Beim 1:4 (1:1) gegen die Reserve der SG Bad Soden machten sie jedoch am Sonntag in Kirchheim keine gute Figur. ,,Wir spielen in Halbzeit eins in Ordnung, nehmen uns anschlie\u00dfend viel vor und verschlafen dann die ersten zehn Minuten nach der Pause im Kollektiv\u201c, fasste es Kapit\u00e4n Sebastian Schuch treffend nach der Partie zusammen.<\/p>\n<p>Ohne Trainer Martin Friedrich sowie ohne Aurelius R\u00f6th und Nils Fischer, der nach Lollslauf-Einsatz eingewechselt wurde, begann der Spitzenreiter \u00fcberraschend drucklos. Bad Soden hatte mehr Ballbesitz und konnte einige Chancen herausspielen, scheiterte aber an SGA-Keeper Fabian Lepper. Aulatal spielte auf Konter, zwingende Chancen aber waren Fehlanzeige. Nach einem Einwurf setzte sich Luca Eckhardt sehenswert gegen Sodens Abwehr durch, legte den Ball im Sechszehner quer auf Jaron Effner, der nach einem leichten Kontakt zu Boden ging \u2013 Elfmeter.<\/p>\n<p>Luca Eckhardt verwandelte souver\u00e4n zur \u00fcberraschenden F\u00fchrung. Doch der R\u00fcckstand stachelte Soden erst richtig an. Binnen f\u00fcnf Minuten verzeichnete der Gast vier 100-prozentige Torchancen. Aber die Null blieb auch Aulatal treu. In der 39. Minute hatte Aulatal dann seine gr\u00f6\u00dfte Chance per Freisto\u00df durch Kilian Krapp \u2013 doch sein wuchtiger Schuss landete nur an der Latte. Im Gegenzug konterte der Gast musterg\u00fcltig und der starke Admir Ljutic staubte aus elf Metern zum 1:1 ab. Nach der Pause kam es dann kn\u00fcppeldick f\u00fcr die Hausherren.<\/p>\n<p>Bad Soden schn\u00fcrte die Aulataler hinten ein, der n\u00e4chste Gegentreffer war eine Frage der Zeit. Aulatal kassierte davon sogar drei. Zuerst netzte Art Memeti per Kopf nach einer Ecke ein, ehe Ljutic einen Doppelpack schn\u00fcrte. Den Treffer zum 1:4 erzielte der bullige St\u00fcrmer per Gewaltschuss aus gut 30 Metern. Und auch der Treffer kurz vorher zum 1:3 konnte sich sehen lassen: Memeti eroberte den Ball, schickte auf Ilir Memeti, der Ljutic musterg\u00fcltig bediente. Weil die Partie gelaufen war, schalteten die G\u00e4ste einen Gang zur\u00fcck.<\/p>\n<p>So kam Aulatal noch einmal zu Chancen, doch sowohl der feine Schuss von Maximilian Weber sowie der Schuss von Krapp aus der Drehung fanden nicht mehr den Weg ins Geh\u00e4use. Die Frage, was gewesen w\u00e4re, wenn Krapps Freisto\u00df gesessen h\u00e4tte, bleibt beim Gastgeber im Nachhinein unbeantwortet. Trotzdem kann der Tabellenf\u00fchrer weiterhin nach der Herbstmeisterschaft greifen. <em class=\"autor_name\">SEBASTIAN KRAUSE<\/em><\/p>\n<\/div>\n","protected":false},"excerpt":{"rendered":"<p>Hersfelder Zeitung Montag, 13. Oktober 2025 Kilian Krapps Freisto\u00df trifft nur die Latte Kirchheim \u2013 Das Positive vorneweg: Die Gruppenliga-Fu\u00dfballer der SG Aulatal bleiben auch nach der zweiten Niederlage in [&hellip;]<\/p>\n","protected":false},"author":3,"featured_media":0,"comment_status":"open","ping_status":"closed","sticky":false,"template":"","format":"standard","meta":{"_price":"","_stock":"","_tribe_ticket_header":"","_tribe_default_ticket_provider":"","_tribe_ticket_capacity":"0","_ticket_start_date":"","_ticket_end_date":"","_tribe_ticket_show_description":"","_tribe_ticket_show_not_going":false,"_tribe_ticket_use_global_stock":"","_tribe_ticket_global_stock_level":"","_global_stock_mode":"","_global_stock_cap":"","_tribe_rsvp_for_event":"","_tribe_ticket_going_count":"","_tribe_ticket_not_going_count":"","_tribe_tickets_list":"[]","_tribe_ticket_has_attendee_info_fields":false,"footnotes":""},"categories":[2],"tags":[],"_links":{"self":[{"href":"https:\/\/hausen-aulatal.de\/index.php?rest_route=\/wp\/v2\/posts\/28121"}],"collection":[{"href":"https:\/\/hausen-aulatal.de\/index.php?rest_route=\/wp\/v2\/posts"}],"about":[{"href":"https:\/\/hausen-aulatal.de\/index.php?rest_route=\/wp\/v2\/types\/post"}],"author":[{"embeddable":true,"href":"https:\/\/hausen-aulatal.de\/index.php?rest_route=\/wp\/v2\/users\/3"}],"replies":[{"embeddable":true,"href":"https:\/\/hausen-aulatal.de\/index.php?rest_route=%2Fwp%2Fv2%2Fcomments&post=28121"}],"version-history":[{"count":1,"href":"https:\/\/hausen-aulatal.de\/index.php?rest_route=\/wp\/v2\/posts\/28121\/revisions"}],"predecessor-version":[{"id":28122,"href":"https:\/\/hausen-aulatal.de\/index.php?rest_route=\/wp\/v2\/posts\/28121\/revisions\/28122"}],"wp:attachment":[{"href":"https:\/\/hausen-aulatal.de\/index.php?rest_route=%2Fwp%2Fv2%2Fmedia&parent=28121"}],"wp:term":[{"taxonomy":"category","embeddable":true,"href":"https:\/\/hausen-aulatal.de\/index.php?rest_route=%2Fwp%2Fv2%2Fcategories&post=28121"},{"taxonomy":"post_tag","embeddable":true,"href":"https:\/\/hausen-aulatal.de\/index.php?rest_route=%2Fwp%2Fv2%2Ftags&post=28121"}],"curies":[{"name":"wp","href":"https:\/\/api.w.org\/{rel}","templated":true}]}}