{"id":28455,"date":"2025-12-01T17:52:28","date_gmt":"2025-12-01T16:52:28","guid":{"rendered":"https:\/\/hausen-aulatal.de\/?p=28455"},"modified":"2025-12-03T09:08:15","modified_gmt":"2025-12-03T08:08:15","slug":"spenden-fuer-kinderklinik-fulda-und-daheim-im-leben","status":"publish","type":"post","link":"https:\/\/hausen-aulatal.de\/?p=28455","title":{"rendered":"Spenden f\u00fcr Kinderklinik und &#8222;daHeim im Leben&#8220;"},"content":{"rendered":"<p style=\"text-align: center;\"><a href=\"https:\/\/hausen-aulatal.de\/wp-content\/uploads\/2016\/08\/Logo-osthessen-news.png\"><img loading=\"lazy\" decoding=\"async\" class=\"alignnone size-full wp-image-6344\" src=\"https:\/\/hausen-aulatal.de\/wp-content\/uploads\/2016\/08\/Logo-osthessen-news.png\" alt=\"\" width=\"461\" height=\"90\" srcset=\"https:\/\/hausen-aulatal.de\/wp-content\/uploads\/2016\/08\/Logo-osthessen-news.png 461w, https:\/\/hausen-aulatal.de\/wp-content\/uploads\/2016\/08\/Logo-osthessen-news-300x58.png 300w\" sizes=\"(max-width: 461px) 100vw, 461px\" \/><\/a><\/p>\n<p style=\"text-align: center;\"><strong>30.11.2025<\/strong><\/p>\n<p style=\"text-align: center;\"><a href=\"https:\/\/hausen-aulatal.de\/wp-content\/uploads\/2025\/12\/daHeim-osthessen-newsSpenden30.11.2025osthessen.jpg\"><img loading=\"lazy\" decoding=\"async\" class=\"alignnone size-full wp-image-28453\" src=\"https:\/\/hausen-aulatal.de\/wp-content\/uploads\/2025\/12\/daHeim-osthessen-newsSpenden30.11.2025osthessen.jpg\" alt=\"\" width=\"1280\" height=\"875\" srcset=\"https:\/\/hausen-aulatal.de\/wp-content\/uploads\/2025\/12\/daHeim-osthessen-newsSpenden30.11.2025osthessen.jpg 1280w, https:\/\/hausen-aulatal.de\/wp-content\/uploads\/2025\/12\/daHeim-osthessen-newsSpenden30.11.2025osthessen-300x205.jpg 300w, https:\/\/hausen-aulatal.de\/wp-content\/uploads\/2025\/12\/daHeim-osthessen-newsSpenden30.11.2025osthessen-1024x700.jpg 1024w, https:\/\/hausen-aulatal.de\/wp-content\/uploads\/2025\/12\/daHeim-osthessen-newsSpenden30.11.2025osthessen-768x525.jpg 768w\" sizes=\"(max-width: 1280px) 100vw, 1280px\" \/><\/a><\/p>\n<h6 style=\"text-align: left;\"><strong>In der Waldgastst\u00e4tte Praforst bei H\u00fcnfeld \u00fcberreichte OSTHESSEN|NEWS zwei gro\u00dfe Spendenschecks an regionale Institutionen: die Kinderklinik am Klinikum Fulda und die Seniorenstiftung &#8222;dahHeim im Leben&#8220;. &#8211; Fotos: Martin Engel<\/strong><\/h6>\n<p><strong>REGION<\/strong> Jubil\u00e4um bringt stolze 18.000 Euro<\/p>\n<p><strong>Schecks von OSTHESSEN|NEWS f\u00fcr Kinderklinik Fulda und &#8222;daHeim im Leben&#8220;<\/strong><\/p>\n<p>&#8222;18.000 Euro &#8211; das ist eine Spendensumme, auf die wir sehr stolz sind!&#8220; Bei Zuspanns, in der Waldgastst\u00e4tte Praforst bei H\u00fcnfeld (Landkreis Fulda), \u00fcberreichte OSTHESSEN|NEWS zwei gro\u00dfe Spendenschecks an regionale Institutionen: die Kinderklinik am Klinikum Fulda und die Seniorenstiftung &#8222;daHeim im Leben&#8220; &#8211; zwei Einrichtungen, die f\u00fcr Osthessen von zentraler Bedeutung sind und deren Aufgabe die Daseinsvorsorge ist.<\/p>\n<p><em><a href=\"https:\/\/hausen-aulatal.de\/wp-content\/uploads\/2025\/12\/daHeim-osthessen-newsSpenden01-30.11.2025osthessen.jpg\"><img loading=\"lazy\" decoding=\"async\" class=\"alignnone size-full wp-image-28454\" src=\"https:\/\/hausen-aulatal.de\/wp-content\/uploads\/2025\/12\/daHeim-osthessen-newsSpenden01-30.11.2025osthessen.jpg\" alt=\"\" width=\"1280\" height=\"853\" srcset=\"https:\/\/hausen-aulatal.de\/wp-content\/uploads\/2025\/12\/daHeim-osthessen-newsSpenden01-30.11.2025osthessen.jpg 1280w, https:\/\/hausen-aulatal.de\/wp-content\/uploads\/2025\/12\/daHeim-osthessen-newsSpenden01-30.11.2025osthessen-300x200.jpg 300w, https:\/\/hausen-aulatal.de\/wp-content\/uploads\/2025\/12\/daHeim-osthessen-newsSpenden01-30.11.2025osthessen-1024x682.jpg 1024w, https:\/\/hausen-aulatal.de\/wp-content\/uploads\/2025\/12\/daHeim-osthessen-newsSpenden01-30.11.2025osthessen-768x512.jpg 768w\" sizes=\"(max-width: 1280px) 100vw, 1280px\" \/><\/a><\/em><\/p>\n<h6><strong><span class=\"lp_is_start\"><em>Im August feierte OSTHESSEN|NEWS das gro\u00dfe Jubil\u00e4um &#8222;25 Jahre O|N&#8220; zusammen mit &#8230;<\/em><\/span><\/strong><\/h6>\n<p><strong>R\u00fcckblick:<\/strong> <strong>OSTHESSEN|NEWS<\/strong> &#8211; das bekannte und reichweitenst\u00e4rkste Online-Nachrichtenportal der Region &#8211; feierte <a href=\"https:\/\/osthessen-news.de\/n11780715\/martin-angelstein-ware-stolz-o-n-feiert-25-jahre-mit-270-gasten-aus-der-region.html\">am 21. August 2025<\/a> in der Praforst das gro\u00dfe Jubil\u00e4um &#8222;<strong>25 Jahre O|N<\/strong>&#8220; &#8211; ein Meilenstein f\u00fcr das Presseorgan mit Sitz in Fulda. Was Martin Angelstein und seine Ehefrau Gabriele im Jahr 2000 aus der Taufe gehoben haben, war Pionierarbeit im Online-Journalismus. In einem Vierteljahrhundert hat sich <strong>O|N<\/strong> zu einem fest verankerten Leitmedium f\u00fcr unsere Region entwickelt. Zum Jubil\u00e4um kamen knapp 300 Ehreng\u00e4ste, darunter auch Hessens Ministerpr\u00e4sident Boris Rhein (CDU). Au\u00dferdem: Vertreter aus Politik, Wirtschaft, Gesellschaft, Kultur und Kirche &#8211; und nat\u00fcrlich das gesamte Team von <strong>OSTHESSEN|NEWS<\/strong>.<\/p>\n<p><a href=\"https:\/\/hausen-aulatal.de\/wp-content\/uploads\/2025\/12\/daHeim-osthessen-newsSpenden02-30.11.2025osthessen.jpg\"><img loading=\"lazy\" decoding=\"async\" class=\"alignnone size-full wp-image-28457\" src=\"https:\/\/hausen-aulatal.de\/wp-content\/uploads\/2025\/12\/daHeim-osthessen-newsSpenden02-30.11.2025osthessen.jpg\" alt=\"\" width=\"1138\" height=\"300\" \/><\/a><\/p>\n<p><strong>Eine Herzensangelegenheit O|N: &#8222;Wollen der Region etwas zur\u00fcckgeben&#8220;<\/strong><\/p>\n<p>Anl\u00e4sslich dieser Jubil\u00e4umsfeier wurde um &#8222;Spenden statt Geschenken&#8220; zugunsten der Kinderklinik Fulda und der Seniorenstiftung &#8222;daHeim im Leben&#8220; gebeten. Die Resonanz war \u00fcberw\u00e4ltigend &#8211; beide Spendent\u00f6pfe wurden \u00e4u\u00dferst gro\u00dfz\u00fcgig gef\u00fcllt. <strong>Die finale Spendensumme: 18.000 Euro!<\/strong><\/p>\n<p><a href=\"https:\/\/hausen-aulatal.de\/wp-content\/uploads\/2025\/12\/daHeim-osthessen-newsSpenden02-30.11.2025osthessen.jpg\"><img loading=\"lazy\" decoding=\"async\" class=\"alignnone size-full wp-image-28464\" src=\"https:\/\/hausen-aulatal.de\/wp-content\/uploads\/2025\/12\/daHeim-osthessen-newsSpenden02-30.11.2025osthessen.jpg\" alt=\"\" width=\"1086\" height=\"300\" srcset=\"https:\/\/hausen-aulatal.de\/wp-content\/uploads\/2025\/12\/daHeim-osthessen-newsSpenden02-30.11.2025osthessen.jpg 1086w, https:\/\/hausen-aulatal.de\/wp-content\/uploads\/2025\/12\/daHeim-osthessen-newsSpenden02-30.11.2025osthessen-300x83.jpg 300w, https:\/\/hausen-aulatal.de\/wp-content\/uploads\/2025\/12\/daHeim-osthessen-newsSpenden02-30.11.2025osthessen-1024x283.jpg 1024w, https:\/\/hausen-aulatal.de\/wp-content\/uploads\/2025\/12\/daHeim-osthessen-newsSpenden02-30.11.2025osthessen-768x212.jpg 768w\" sizes=\"(max-width: 1086px) 100vw, 1086px\" \/><\/a><\/p>\n<p>&#8222;Das ist eine Summe, die in herausfordernden Zeiten mit multiplen Krisen nicht selbstverst\u00e4ndlich ist. Wir sind nicht nur stolz, sondern danken auch allen Spendern f\u00fcr ihre tatkr\u00e4ftige Unterst\u00fctzung, denn sie stiften damit auch Identit\u00e4t mit unserer Heimat&#8220;, sagte <strong>O|N-<\/strong>Gesch\u00e4ftsf\u00fchrer und Chefredakteur Christian P. Stadtfeld bei der \u00dcbergabe der beiden Schecks in H\u00f6he von jeweils 9.000 Euro und f\u00fchrte weiter aus: &#8222;F\u00fcr <strong>OSTHESSEN|NEWS<\/strong> ist diese Spenden\u00fcbergabe heute eine Herzensangelegenheit. Die Kinderklinik am Klinikum Fulda ist mit unserem Medienhaus seit vielen Jahren sehr eng verbunden. Professor Repp und sein Team leisten Gro\u00dfartiges. Aber auch die Senioren der Stiftung sind wichtig, denn sie sind ma\u00dfgeblich f\u00fcr den Wohlstand in unserer Gesellschaft verantwortlich und deshalb d\u00fcrfen wir sie auch nicht vergessen werden.&#8220;<\/p>\n<p><strong>O|N<\/strong>-Gesch\u00e4ftsf\u00fchrer Hendrik Urbin ging auf die regionale Verbundenheit ein: &#8222;Wir sind mit und in der Region stark verwurzelt: Die Spenden sind Ausdruck f\u00fcr Wertsch\u00e4tzung und Dankbarkeit. Uns ist es wichtig, hier vor Ort, etwas zur\u00fcckgeben und etwas Gutes tun. Unser Dank richtet sich dabei an alle, die dazu beigetragen haben.&#8220;<\/p>\n<p><strong><a href=\"https:\/\/hausen-aulatal.de\/wp-content\/uploads\/2025\/12\/daHeim-osthessen-newsSpenden04-30.11.2025osthessen.jpg\"><img loading=\"lazy\" decoding=\"async\" class=\"alignnone size-full wp-image-28459\" src=\"https:\/\/hausen-aulatal.de\/wp-content\/uploads\/2025\/12\/daHeim-osthessen-newsSpenden04-30.11.2025osthessen.jpg\" alt=\"\" width=\"1085\" height=\"316\" srcset=\"https:\/\/hausen-aulatal.de\/wp-content\/uploads\/2025\/12\/daHeim-osthessen-newsSpenden04-30.11.2025osthessen.jpg 1085w, https:\/\/hausen-aulatal.de\/wp-content\/uploads\/2025\/12\/daHeim-osthessen-newsSpenden04-30.11.2025osthessen-300x87.jpg 300w, https:\/\/hausen-aulatal.de\/wp-content\/uploads\/2025\/12\/daHeim-osthessen-newsSpenden04-30.11.2025osthessen-1024x298.jpg 1024w, https:\/\/hausen-aulatal.de\/wp-content\/uploads\/2025\/12\/daHeim-osthessen-newsSpenden04-30.11.2025osthessen-768x224.jpg 768w\" sizes=\"(max-width: 1085px) 100vw, 1085px\" \/><\/a>\u00a0<\/strong><strong>&#8222;Die Regionalit\u00e4t ist ein Identifikationsanker&#8220;<\/strong><\/p>\n<p>Im Namen seines Vorstands-Kollegen Michael Wilhelm und von Prof. Dr. Reinhold Repp, dem Direktor der Klinik f\u00fcr Kinder- und Jugendmedizin am Klinikum Fulda, bedankte sich Klinikum-Vorstandschef Priv.-Doz. Dr. Thomas Menzel ausdr\u00fccklich: &#8222;Wir sind <strong>OSTHESSEN|NEWS<\/strong> und den Inhabern sehr dankbar f\u00fcr die journalistische Begleitung hier in der Region, denn dadurch wird \u00d6ffentlichkeit hergestellt, was eine Kernaufgabe der Medien ist.<br \/>\nDie Menschen werden durch die aktuelle und professionelle Berichterstattung mitgenommen und wissen, was in der Region passiert.&#8220; Besonders hob er die Bedeutung der Regionalit\u00e4t hervor: Sie sei &#8222;ein Identifikationsanker&#8220;.<\/p>\n<p><a href=\"https:\/\/hausen-aulatal.de\/wp-content\/uploads\/2025\/12\/daHeim-osthessen-newsSpenden05-30.11.2025osthessen.jpg\"><img loading=\"lazy\" decoding=\"async\" class=\"alignnone size-full wp-image-28460\" src=\"https:\/\/hausen-aulatal.de\/wp-content\/uploads\/2025\/12\/daHeim-osthessen-newsSpenden05-30.11.2025osthessen.jpg\" alt=\"\" width=\"1083\" height=\"302\" srcset=\"https:\/\/hausen-aulatal.de\/wp-content\/uploads\/2025\/12\/daHeim-osthessen-newsSpenden05-30.11.2025osthessen.jpg 1083w, https:\/\/hausen-aulatal.de\/wp-content\/uploads\/2025\/12\/daHeim-osthessen-newsSpenden05-30.11.2025osthessen-300x84.jpg 300w, https:\/\/hausen-aulatal.de\/wp-content\/uploads\/2025\/12\/daHeim-osthessen-newsSpenden05-30.11.2025osthessen-1024x286.jpg 1024w, https:\/\/hausen-aulatal.de\/wp-content\/uploads\/2025\/12\/daHeim-osthessen-newsSpenden05-30.11.2025osthessen-768x214.jpg 768w\" sizes=\"(max-width: 1083px) 100vw, 1083px\" \/><\/a><\/p>\n<p>Zugleich ging der Krankenhaus-Chef auf die Rolle des Klinikums Fulda f\u00fcr die Daseinsvorsorge ein: &#8222;Wir bilden im Klinikum den Spannungsbogen in der Daseinsvorsorge von den Kleinsten bis zu den Hochbetagten in einer insgesamt \u00e4lter werdenden Gesellschaft ab.&#8220; Die Menschen k\u00f6nnen sich darauf verlassen, gut versorgt zu werden. Damit tr\u00e4gt die Gesundheitsversorgung ma\u00dfgeblich dazu bei, &#8222;den gesellschaftlichen Zusammenhalt zu erhalten &#8222;. Gerade in der heutigen Zeit sei es besonders wichtig, dies nicht aus den Augen zu verlieren.<\/p>\n<p><a href=\"https:\/\/hausen-aulatal.de\/wp-content\/uploads\/2025\/12\/daHeim-osthessen-newsSpenden06-30.11.2025osthessen.jpg\"><img loading=\"lazy\" decoding=\"async\" class=\"alignnone size-full wp-image-28461\" src=\"https:\/\/hausen-aulatal.de\/wp-content\/uploads\/2025\/12\/daHeim-osthessen-newsSpenden06-30.11.2025osthessen.jpg\" alt=\"\" width=\"1087\" height=\"320\" srcset=\"https:\/\/hausen-aulatal.de\/wp-content\/uploads\/2025\/12\/daHeim-osthessen-newsSpenden06-30.11.2025osthessen.jpg 1087w, https:\/\/hausen-aulatal.de\/wp-content\/uploads\/2025\/12\/daHeim-osthessen-newsSpenden06-30.11.2025osthessen-300x88.jpg 300w, https:\/\/hausen-aulatal.de\/wp-content\/uploads\/2025\/12\/daHeim-osthessen-newsSpenden06-30.11.2025osthessen-1024x301.jpg 1024w, https:\/\/hausen-aulatal.de\/wp-content\/uploads\/2025\/12\/daHeim-osthessen-newsSpenden06-30.11.2025osthessen-768x226.jpg 768w\" sizes=\"(max-width: 1087px) 100vw, 1087px\" \/><\/a><\/p>\n<p><strong>Gezielte Spenden f\u00fcr Menschen, die Unterst\u00fctzung brauchen<\/strong><\/p>\n<p>Auch die Vorsitzende des Stiftungskuratoriums von &#8222;daHeim im Leben&#8220;, Donata Freifrau Schenck zu Schweinsberg, zeigte sich \u00fcberaus dankbar f\u00fcr die Spendenaktion: &#8222;<strong>OSTHESSEN|NEWS<\/strong> denkt immer an die Menschen in der Region und auch an alles, was in der Region Positives passiert.&#8220; Gerade angesichts der &#8222;Gr\u00e4ueltaten in der Welt&#8220; sei es wichtig, Medien zu haben, die zeigen, dass auch vor Ort Menschen Hilfe ben\u00f6tigen.<\/p>\n<p><a href=\"https:\/\/hausen-aulatal.de\/wp-content\/uploads\/2025\/12\/daHeim-osthessen-newsSpenden07-30.11.2025osthessen.jpg\"><img loading=\"lazy\" decoding=\"async\" class=\"alignnone size-full wp-image-28462\" src=\"https:\/\/hausen-aulatal.de\/wp-content\/uploads\/2025\/12\/daHeim-osthessen-newsSpenden07-30.11.2025osthessen.jpg\" alt=\"\" width=\"1084\" height=\"304\" srcset=\"https:\/\/hausen-aulatal.de\/wp-content\/uploads\/2025\/12\/daHeim-osthessen-newsSpenden07-30.11.2025osthessen.jpg 1084w, https:\/\/hausen-aulatal.de\/wp-content\/uploads\/2025\/12\/daHeim-osthessen-newsSpenden07-30.11.2025osthessen-300x84.jpg 300w, https:\/\/hausen-aulatal.de\/wp-content\/uploads\/2025\/12\/daHeim-osthessen-newsSpenden07-30.11.2025osthessen-1024x287.jpg 1024w, https:\/\/hausen-aulatal.de\/wp-content\/uploads\/2025\/12\/daHeim-osthessen-newsSpenden07-30.11.2025osthessen-768x215.jpg 768w\" sizes=\"(max-width: 1084px) 100vw, 1084px\" \/><\/a><\/p>\n<p>Die Stiftungs-Chefin erkl\u00e4rte die Aufgabe der Seniorenstiftung: &#8222;Wir sind diejenigen, die schauen, dass die Menschen in W\u00fcrde alt werden k\u00f6nnen und nicht vereinsamen. Wir werden genau dieses Geld hier auch in dieser Region investieren.&#8220; Besonders w\u00fcrdigte sie, dass beim Jubil\u00e4um gezielt f\u00fcr Menschen gespendet wurde, die Unterst\u00fctzung brauchen: &#8222;Danke, dass ihr an die Kinder gedacht habt und an die alten Herrschaften, die das Land aufgebaut haben.&#8220;<\/p>\n<p><strong><em>OSTHESSEN|NEWS steht mit dem Slogan &#8218;AKTUELL. REGIONAL. ORANGE.&#8216; f\u00fcr die Region und die Menschen, die hier leben &#8211; auch in Zukunft. In diesem Sinne: auf die n\u00e4chsten 25 Jahre!<\/em><\/strong> (ms)<\/p>\n","protected":false},"excerpt":{"rendered":"<p>30.11.2025 In der Waldgastst\u00e4tte Praforst bei H\u00fcnfeld \u00fcberreichte OSTHESSEN|NEWS zwei gro\u00dfe Spendenschecks an regionale Institutionen: die Kinderklinik am Klinikum Fulda und die Seniorenstiftung &#8222;dahHeim im Leben&#8220;. &#8211; Fotos: Martin Engel [&hellip;]<\/p>\n","protected":false},"author":3,"featured_media":0,"comment_status":"open","ping_status":"closed","sticky":false,"template":"","format":"standard","meta":{"_price":"","_stock":"","_tribe_ticket_header":"","_tribe_default_ticket_provider":"","_tribe_ticket_capacity":"0","_ticket_start_date":"","_ticket_end_date":"","_tribe_ticket_show_description":"","_tribe_ticket_show_not_going":false,"_tribe_ticket_use_global_stock":"","_tribe_ticket_global_stock_level":"","_global_stock_mode":"","_global_stock_cap":"","_tribe_rsvp_for_event":"","_tribe_ticket_going_count":"","_tribe_ticket_not_going_count":"","_tribe_tickets_list":"[]","_tribe_ticket_has_attendee_info_fields":false,"footnotes":""},"categories":[2],"tags":[],"_links":{"self":[{"href":"https:\/\/hausen-aulatal.de\/index.php?rest_route=\/wp\/v2\/posts\/28455"}],"collection":[{"href":"https:\/\/hausen-aulatal.de\/index.php?rest_route=\/wp\/v2\/posts"}],"about":[{"href":"https:\/\/hausen-aulatal.de\/index.php?rest_route=\/wp\/v2\/types\/post"}],"author":[{"embeddable":true,"href":"https:\/\/hausen-aulatal.de\/index.php?rest_route=\/wp\/v2\/users\/3"}],"replies":[{"embeddable":true,"href":"https:\/\/hausen-aulatal.de\/index.php?rest_route=%2Fwp%2Fv2%2Fcomments&post=28455"}],"version-history":[{"count":5,"href":"https:\/\/hausen-aulatal.de\/index.php?rest_route=\/wp\/v2\/posts\/28455\/revisions"}],"predecessor-version":[{"id":28480,"href":"https:\/\/hausen-aulatal.de\/index.php?rest_route=\/wp\/v2\/posts\/28455\/revisions\/28480"}],"wp:attachment":[{"href":"https:\/\/hausen-aulatal.de\/index.php?rest_route=%2Fwp%2Fv2%2Fmedia&parent=28455"}],"wp:term":[{"taxonomy":"category","embeddable":true,"href":"https:\/\/hausen-aulatal.de\/index.php?rest_route=%2Fwp%2Fv2%2Fcategories&post=28455"},{"taxonomy":"post_tag","embeddable":true,"href":"https:\/\/hausen-aulatal.de\/index.php?rest_route=%2Fwp%2Fv2%2Ftags&post=28455"}],"curies":[{"name":"wp","href":"https:\/\/api.w.org\/{rel}","templated":true}]}}