{"id":28525,"date":"2025-12-10T20:49:28","date_gmt":"2025-12-10T19:49:28","guid":{"rendered":"https:\/\/hausen-aulatal.de\/?p=28525"},"modified":"2025-12-10T20:50:48","modified_gmt":"2025-12-10T19:50:48","slug":"der-heimatkalender-2026-ist-fertig","status":"publish","type":"post","link":"https:\/\/hausen-aulatal.de\/?p=28525","title":{"rendered":"Der Heimatkalender 2026 ist fertig"},"content":{"rendered":"<p style=\"text-align: center;\"><a href=\"https:\/\/hausen-aulatal.de\/wp-content\/uploads\/2025\/12\/Kalenderblatt-Titel2026.png\"><img loading=\"lazy\" decoding=\"async\" class=\"alignnone size-full wp-image-28523\" src=\"https:\/\/hausen-aulatal.de\/wp-content\/uploads\/2025\/12\/Kalenderblatt-Titel2026.png\" alt=\"\" width=\"1207\" height=\"1141\" srcset=\"https:\/\/hausen-aulatal.de\/wp-content\/uploads\/2025\/12\/Kalenderblatt-Titel2026.png 1207w, https:\/\/hausen-aulatal.de\/wp-content\/uploads\/2025\/12\/Kalenderblatt-Titel2026-300x284.png 300w, https:\/\/hausen-aulatal.de\/wp-content\/uploads\/2025\/12\/Kalenderblatt-Titel2026-1024x968.png 1024w, https:\/\/hausen-aulatal.de\/wp-content\/uploads\/2025\/12\/Kalenderblatt-Titel2026-768x726.png 768w\" sizes=\"(max-width: 1207px) 100vw, 1207px\" \/><\/a><\/p>\n<h1><strong>Der neue Heimatkalender ist fertig!<\/strong><\/h1>\n<p style=\"text-align: justify;\">Und hier seht ihr schon mal das druckfrische Titelblatt. Wir dr\u00fccken die Daumen, dass der Kalender noch p\u00fcnktlich vor Weihnachten in euren Briefk\u00e4sten landet.<\/p>\n<p style=\"text-align: justify;\">Bereits zum vierten Mal haben Bella und Michael Reiter mit viel Herzblut und einem guten Auge f\u00fcr sch\u00f6ne Motive diesen Kalender gestaltet.<\/p>\n<p style=\"text-align: justify;\">Der Hausener Verein f\u00fcr Heimat und Brauchtum e.V. sagt ein herzliches Dankesch\u00f6n an die Reiters \u2013 und an alle, die mit Ideen, eingesendete Fotos, Engagement und Unterst\u00fctzung zum Gelingen beigetragen haben.<\/p>\n","protected":false},"excerpt":{"rendered":"<p>Der neue Heimatkalender ist fertig! Und hier seht ihr schon mal das druckfrische Titelblatt. Wir dr\u00fccken die Daumen, dass der Kalender noch p\u00fcnktlich vor Weihnachten in euren Briefk\u00e4sten landet. Bereits [&hellip;]<\/p>\n","protected":false},"author":3,"featured_media":0,"comment_status":"open","ping_status":"closed","sticky":false,"template":"","format":"standard","meta":{"_price":"","_stock":"","_tribe_ticket_header":"","_tribe_default_ticket_provider":"","_tribe_ticket_capacity":"0","_ticket_start_date":"","_ticket_end_date":"","_tribe_ticket_show_description":"","_tribe_ticket_show_not_going":false,"_tribe_ticket_use_global_stock":"","_tribe_ticket_global_stock_level":"","_global_stock_mode":"","_global_stock_cap":"","_tribe_rsvp_for_event":"","_tribe_ticket_going_count":"","_tribe_ticket_not_going_count":"","_tribe_tickets_list":"[]","_tribe_ticket_has_attendee_info_fields":false,"footnotes":""},"categories":[2,14,9],"tags":[],"_links":{"self":[{"href":"https:\/\/hausen-aulatal.de\/index.php?rest_route=\/wp\/v2\/posts\/28525"}],"collection":[{"href":"https:\/\/hausen-aulatal.de\/index.php?rest_route=\/wp\/v2\/posts"}],"about":[{"href":"https:\/\/hausen-aulatal.de\/index.php?rest_route=\/wp\/v2\/types\/post"}],"author":[{"embeddable":true,"href":"https:\/\/hausen-aulatal.de\/index.php?rest_route=\/wp\/v2\/users\/3"}],"replies":[{"embeddable":true,"href":"https:\/\/hausen-aulatal.de\/index.php?rest_route=%2Fwp%2Fv2%2Fcomments&post=28525"}],"version-history":[{"count":4,"href":"https:\/\/hausen-aulatal.de\/index.php?rest_route=\/wp\/v2\/posts\/28525\/revisions"}],"predecessor-version":[{"id":28529,"href":"https:\/\/hausen-aulatal.de\/index.php?rest_route=\/wp\/v2\/posts\/28525\/revisions\/28529"}],"wp:attachment":[{"href":"https:\/\/hausen-aulatal.de\/index.php?rest_route=%2Fwp%2Fv2%2Fmedia&parent=28525"}],"wp:term":[{"taxonomy":"category","embeddable":true,"href":"https:\/\/hausen-aulatal.de\/index.php?rest_route=%2Fwp%2Fv2%2Fcategories&post=28525"},{"taxonomy":"post_tag","embeddable":true,"href":"https:\/\/hausen-aulatal.de\/index.php?rest_route=%2Fwp%2Fv2%2Ftags&post=28525"}],"curies":[{"name":"wp","href":"https:\/\/api.w.org\/{rel}","templated":true}]}}