{"id":28550,"date":"2025-12-13T12:05:34","date_gmt":"2025-12-13T11:05:34","guid":{"rendered":"https:\/\/hausen-aulatal.de\/?p=28550"},"modified":"2025-12-15T08:11:44","modified_gmt":"2025-12-15T07:11:44","slug":"niederschrift-ueber-die-sitzung-des-ortsbeirates-hausen-am-18-11-2025","status":"publish","type":"post","link":"https:\/\/hausen-aulatal.de\/?p=28550","title":{"rendered":"Niederschrift \u00fcber die Sitzung des Ortsbeirates Hausen am 18.11.2025"},"content":{"rendered":"<p><strong><u>Anwesende:<\/u><\/strong><\/p>\n<table width=\"638\">\n<tbody>\n<tr>\n<td width=\"165\"><u>vom Ortsbeirat:<\/u><\/td>\n<td width=\"198\"><u>entschuldigt:<\/u><\/td>\n<td width=\"274\"><u>G\u00e4ste:<\/u><\/td>\n<\/tr>\n<tr>\n<td width=\"165\">Erwin Albert<\/p>\n<p>J\u00f6rg Albert<\/p>\n<p>J\u00fcrgen Eckhardt<\/p>\n<p>Alexander Erler<\/p>\n<p>B\u00e4rbel Hellwig<\/td>\n<td width=\"198\">Norbert Braun<\/p>\n<p>Ilja R\u00fchl<\/p>\n<p><u>\u00a0<\/u><\/td>\n<td width=\"274\"><\/td>\n<\/tr>\n<\/tbody>\n<\/table>\n<p>&nbsp;<\/p>\n<p>Die Mitglieder des Ortsbeirates Hausen wurden durch den Ortsvorsteher mit Schreiben vom 09.11.2025 zu einer Sitzung unter Angabe der Tagesordnung, der Zeit (Dienstag, 18.11.2025 20.00 Uhr) und des Ortes der Versammlung (Karl-Dippoldsmann-Haus, Hausen) zu einer Sitzung eingeladen.<\/p>\n<p><strong><u>Tagesordnungspunkt 1:<\/u><\/strong><strong>\u00a0 Er\u00f6ffnung und Begr\u00fc\u00dfung<\/strong><\/p>\n<p>J\u00f6rg Albert begr\u00fc\u00dfte alle gew\u00e4hlten Mitglieder des Ortsbeirates Hausen.<\/p>\n<p>Der Vorsitzende stellte bei Er\u00f6ffnung der Sitzung fest, dass gegen die ordnungsgem\u00e4\u00dfe Einberufung keine Einwendungen erhoben wurden.<\/p>\n<p><strong><u>Tagesordnungspunkt 2:<\/u><\/strong><strong>\u00a0 Feststellung der Beschlu\u00dff\u00e4higkeit<\/strong><\/p>\n<p>5 von 7 gew\u00e4hlten Mitglieder des Ortsbeirates sind anwesend, also ist die Versammlung beschlussf\u00e4hig.<\/p>\n<p><strong><u>Tagesordnungspunkt 3:<\/u><\/strong><strong> Listenaufstellung Ortsbeirat am 22.11.2025<\/strong><\/p>\n<p>J\u00f6rg Albert erinnerte nochmals an den Termin zur Listenaufstellung f\u00fcr den Ortsbeirat f\u00fcr die Kommunalwahl am 15.03.2026.<\/p>\n<p>Die Aufstellung der B\u00fcrgerliste Hausen f\u00fcr den Ortsbeirat soll am 22.11.2025 um 18.00 Uhr im Karl-Doppoldsmann-Haus (DGH) stattfinden.<\/p>\n<p>Da einige Mitglieder nicht mehr f\u00fcr die neue Legislaturperiode zur Verf\u00fcgung stehen, ruft Ortsvorsteher J\u00f6rg Albert dazu auf, sich f\u00fcr den Ortsteil Hausen im Ortsbeirat zu engagieren.<\/p>\n<p><strong><u>Tagesordnungspunkt 4:<\/u><\/strong><strong> Verkehrsschau vom 08.09.2025<\/strong><\/p>\n<p>Ortsvorsteher J\u00f6rg Albert erl\u00e4uterte die Besichtigungspunkte und die zu erwartenden Ma\u00dfnahmen. Er lobte die gute Vorbereitung seitens des Ordnungsamtes, da schon mit der Einladung die Besichtigungspunkte versandt wurden.<\/p>\n<p><strong><u>Tagesordnungspunkt 5:<\/u><\/strong><strong> Termine 2025\/2026<\/strong><\/p>\n<p>Folgende Termine f\u00fcr das Jahr 2025\/2026 gab J\u00f6rg Albert bekannt und informierte, dass die Veranstaltungen der Events in der Vorweihnachtszeit \/ Jahreswechsel mangels Beteiligung nicht stattfinden werden.<\/p>\n<p>23.12.2025 Weihnachtmarkt Gest\u00fct H\u00f6ny-Hof<\/p>\n<p>18.01.2026 Neujahrsempfang Heimatverein<\/p>\n<p>25.01.2026 Sitzung Ortsbeirat<\/p>\n<p>01.03.2026 Seniorennachmittag<\/p>\n<p>15.03.2026 Kommunalwahl<\/p>\n<p>21.03.2026 Fr\u00fchlingsbingo<\/p>\n<p>28.04.2026 konstituierende Sitzung neuer Ortsbeirat<\/p>\n<p>16.06.2026 Ortsbegehung \/ Sitzung Ortsbeirat<\/p>\n<p>20.06.2026 Arbeitseinsatz<\/p>\n<p>16.-19.07.2026 Kirmes Hausen<\/p>\n<p>08.09.2026 Sitzung Ortsbeirat<\/p>\n<p>03.10.2026 Kartoffelfest<\/p>\n<p>07.11.2026 Skatturnier<\/p>\n<p>11.11.2026 Laternenumzug<\/p>\n<p>15.11.2026 Volkstrauertag<\/p>\n<p>17.11.2026 Sitzung Ortsbeirat<\/p>\n<p>25.12.2026 X-mas-Disco Burschenschaft<\/p>\n<p><strong><u>Tagesordnungspunkt 7:<\/u><\/strong><strong> Informationen und verschiedenes<\/strong><\/p>\n<ul>\n<li>Sperrung eines Feldweges (in Verl\u00e4ngerung der Stra\u00dfe \u201eH\u00f6chenweg\u201c. J\u00f6rg Albert erhielt per Post ein anonymes Schreiben zu diesem Thema. Der Ortsbeirat hat den Inhalt dieses Schreibens zur Kenntnis genommen. Das Schreiben wurde auch an die Gemeindeverwaltung weitergeleitet. Der Ortsbeirat Hausen hat zwar der Sperrung des Feldweges zugestimmt, kann aber die Sperrung weder beschlie\u00dfen noch anordnen. Die Abw\u00e4gung von Interessensbekundungen und auch die Umsetzung der Sperrung obliegt der Gemeindeverwaltung der Gemeinde Oberaula.<\/li>\n<li>Sendemast am Golfplatz: J\u00f6rg Albert berichtet, dass f\u00fcr diesen Sendemast eine ordentliche Genehmigung vorliegt und im Vorfeld auch die Tr\u00e4ger \u00f6ffentlicher Belange zu diesem Vorhaben geh\u00f6rt wurden. Sobald der Mast in Betrieb geht, sollte sich die Mobilfunkversorgung verbessern.<\/li>\n<li>Sachstand Erweiterung Kindergarten Sonnenschein: Aufgrund einiger Nachfragen von B\u00fcrgern, regt der Ortsbeirat an, im Februar oder M\u00e4rz eine Ortsbegehung f\u00fcr den Ortsbeirat und interessierte B\u00fcrger zu erm\u00f6glichen.<\/li>\n<li>Standort Glascontainer: Die Glascontainer wurden bereits umgesetzt: Der neue Standort ist der Parkplatz am Radweg (ehemaliger Bahnhof Hausen).<\/li>\n<\/ul>\n<p>Der Ortsbeirat Hausen regt an, am alten Standort in der Stra\u00dfe \u201eAm Damm\u201c noch ein Hinweisschild mit dem neuen Standort der Glascontainer anzubringen und auch einen Hinweis in den n\u00e4chsten Ausgaben des Kn\u00fcll-Schwalm-Boten zu ver\u00f6ffentlichen.<\/p>\n<p>Die Aufstellfl\u00e4che der Glascontainer am neuen Standort soll mit Beteiligung des Ortsbeirates neu festgesetzt werden und auch gepflastert werden.<\/p>\n<ul>\n<li>Feldwegesatzung: Ortsvorsteher J\u00f6rg Albert informiert, dass der Beschluss einer Feldwegesatzung in der Gemeindevertretung nicht erfolgte \u2013 dieser Tagesordnungspunkt wurde zur\u00fcckgezogen. Vor einem Beschluss in der Gemeindevertretung soll es eine gemeinsame Sitzung des Gemeindevorstandes, der Ortsvorsteher und der Ortslandwirte geben. Dabei soll besprochen werden, ob eine Feldwegesatzung notwendig ist und falls ja die Details, die enthalten sein sollen.<\/li>\n<\/ul>\n<p>Ende der Sitzung: 21.35 Uhr<\/p>\n<p>&nbsp;<\/p>\n<p>gez.<\/p>\n<p>Alexander Erler\u00a0\u00a0\u00a0\u00a0\u00a0\u00a0\u00a0 \u00a0\u00a0\u00a0\u00a0\u00a0\u00a0\u00a0\u00a0\u00a0\u00a0\u00a0\u00a0\u00a0\u00a0\u00a0\u00a0\u00a0\u00a0\u00a0\u00a0\u00a0\u00a0\u00a0 \u00a0\u00a0\u00a0\u00a0\u00a0\u00a0\u00a0\u00a0\u00a0\u00a0\u00a0 \u00a0 \u00a0\u00a0\u00a0\u00a0\u00a0\u00a0\u00a0\u00a0\u00a0 \u00a0\u00a0\u00a0\u00a0\u00a0\u00a0\u00a0\u00a0\u00a0\u00a0\u00a0J\u00f6rg Albert<\/p>\n<p>(Schriftf\u00fchrer)\u00a0\u00a0\u00a0\u00a0\u00a0\u00a0\u00a0\u00a0\u00a0\u00a0\u00a0\u00a0\u00a0\u00a0\u00a0\u00a0\u00a0\u00a0\u00a0\u00a0\u00a0\u00a0\u00a0\u00a0\u00a0\u00a0\u00a0\u00a0\u00a0\u00a0\u00a0\u00a0\u00a0 \u00a0\u00a0\u00a0\u00a0\u00a0\u00a0\u00a0\u00a0\u00a0\u00a0\u00a0 \u00a0\u00a0\u00a0\u00a0\u00a0\u00a0\u00a0\u00a0\u00a0\u00a0\u00a0\u00a0\u00a0\u00a0\u00a0\u00a0\u00a0\u00a0\u00a0\u00a0\u00a0\u00a0\u00a0 (Vorsitzender)<\/p>\n","protected":false},"excerpt":{"rendered":"<p>Anwesende: vom Ortsbeirat: entschuldigt: G\u00e4ste: Erwin Albert J\u00f6rg Albert J\u00fcrgen Eckhardt Alexander Erler B\u00e4rbel Hellwig Norbert Braun Ilja R\u00fchl \u00a0 &nbsp; Die Mitglieder des Ortsbeirates Hausen wurden durch den Ortsvorsteher [&hellip;]<\/p>\n","protected":false},"author":2,"featured_media":0,"comment_status":"open","ping_status":"closed","sticky":false,"template":"","format":"standard","meta":{"_price":"","_stock":"","_tribe_ticket_header":"","_tribe_default_ticket_provider":"","_tribe_ticket_capacity":"0","_ticket_start_date":"","_ticket_end_date":"","_tribe_ticket_show_description":"","_tribe_ticket_show_not_going":false,"_tribe_ticket_use_global_stock":"","_tribe_ticket_global_stock_level":"","_global_stock_mode":"","_global_stock_cap":"","_tribe_rsvp_for_event":"","_tribe_ticket_going_count":"","_tribe_ticket_not_going_count":"","_tribe_tickets_list":"[]","_tribe_ticket_has_attendee_info_fields":false,"footnotes":""},"categories":[2,11],"tags":[],"_links":{"self":[{"href":"https:\/\/hausen-aulatal.de\/index.php?rest_route=\/wp\/v2\/posts\/28550"}],"collection":[{"href":"https:\/\/hausen-aulatal.de\/index.php?rest_route=\/wp\/v2\/posts"}],"about":[{"href":"https:\/\/hausen-aulatal.de\/index.php?rest_route=\/wp\/v2\/types\/post"}],"author":[{"embeddable":true,"href":"https:\/\/hausen-aulatal.de\/index.php?rest_route=\/wp\/v2\/users\/2"}],"replies":[{"embeddable":true,"href":"https:\/\/hausen-aulatal.de\/index.php?rest_route=%2Fwp%2Fv2%2Fcomments&post=28550"}],"version-history":[{"count":2,"href":"https:\/\/hausen-aulatal.de\/index.php?rest_route=\/wp\/v2\/posts\/28550\/revisions"}],"predecessor-version":[{"id":28566,"href":"https:\/\/hausen-aulatal.de\/index.php?rest_route=\/wp\/v2\/posts\/28550\/revisions\/28566"}],"wp:attachment":[{"href":"https:\/\/hausen-aulatal.de\/index.php?rest_route=%2Fwp%2Fv2%2Fmedia&parent=28550"}],"wp:term":[{"taxonomy":"category","embeddable":true,"href":"https:\/\/hausen-aulatal.de\/index.php?rest_route=%2Fwp%2Fv2%2Fcategories&post=28550"},{"taxonomy":"post_tag","embeddable":true,"href":"https:\/\/hausen-aulatal.de\/index.php?rest_route=%2Fwp%2Fv2%2Ftags&post=28550"}],"curies":[{"name":"wp","href":"https:\/\/api.w.org\/{rel}","templated":true}]}}