{"id":28786,"date":"2026-01-14T22:06:41","date_gmt":"2026-01-14T21:06:41","guid":{"rendered":"https:\/\/hausen-aulatal.de\/?p=28786"},"modified":"2026-01-15T17:35:17","modified_gmt":"2026-01-15T16:35:17","slug":"friedrich-wird-trainer-in-mengsberg","status":"publish","type":"post","link":"https:\/\/hausen-aulatal.de\/?p=28786","title":{"rendered":"Enis Adrovic wird Trainer der Aulataler"},"content":{"rendered":"<p style=\"text-align: center;\"><a href=\"https:\/\/hausen-aulatal.de\/wp-content\/uploads\/2026\/01\/Friedrich-zieht-es-nach-Mengsberg15.01.2025HNA.png\"><img loading=\"lazy\" decoding=\"async\" class=\"alignnone size-full wp-image-28785\" src=\"https:\/\/hausen-aulatal.de\/wp-content\/uploads\/2026\/01\/Friedrich-zieht-es-nach-Mengsberg15.01.2025HNA.png\" alt=\"\" width=\"834\" height=\"855\" srcset=\"https:\/\/hausen-aulatal.de\/wp-content\/uploads\/2026\/01\/Friedrich-zieht-es-nach-Mengsberg15.01.2025HNA.png 834w, https:\/\/hausen-aulatal.de\/wp-content\/uploads\/2026\/01\/Friedrich-zieht-es-nach-Mengsberg15.01.2025HNA-293x300.png 293w, https:\/\/hausen-aulatal.de\/wp-content\/uploads\/2026\/01\/Friedrich-zieht-es-nach-Mengsberg15.01.2025HNA-768x787.png 768w\" sizes=\"(max-width: 834px) 100vw, 834px\" \/><\/a><\/p>\n<h1 class=\"article-meta\" style=\"text-align: center;\"><span style=\"color: #000000;\"><strong><span class=\"ng-binding\">Hersfelder Zeitung<\/span><\/strong><\/span><\/h1>\n<h4 class=\"article-meta\" style=\"text-align: center;\"><span class=\"ng-binding\">Donnerstag, 15. Januar 2026<\/span><\/h4>\n<h2 class=\"article-dachzeile ng-binding\" style=\"text-align: left;\"><span style=\"font-size: 36px;\">SG Aulatal: Adrovic steigt im Sommer ein<\/span><\/h2>\n<p style=\"text-align: center;\"><a href=\"https:\/\/hausen-aulatal.de\/wp-content\/uploads\/2026\/01\/IMG_0951.jpeg\"><img loading=\"lazy\" decoding=\"async\" class=\"alignnone size-full wp-image-28790\" src=\"https:\/\/hausen-aulatal.de\/wp-content\/uploads\/2026\/01\/IMG_0951.jpeg\" alt=\"\" width=\"565\" height=\"700\" srcset=\"https:\/\/hausen-aulatal.de\/wp-content\/uploads\/2026\/01\/IMG_0951.jpeg 565w, https:\/\/hausen-aulatal.de\/wp-content\/uploads\/2026\/01\/IMG_0951-242x300.jpeg 242w\" sizes=\"(max-width: 565px) 100vw, 565px\" \/><\/a><\/p>\n<h6 class=\"article-img-desc ng-binding\" style=\"text-align: center;\"><strong>Enis Adrovic wird Trainer der Aulataler<\/strong><\/h6>\n<div class=\"article-teaser ng-binding\"><em class=\"fett\"><strong>Kirchheim-Oberaula &#8211;<\/strong>\u00a0<\/em>Ab der Saison 2026\/2027 \u00fcbernimmt Martin Friedrich von der SG Aulatal das Traineramt beim Kasseler Gruppenligisten TSV Mengsberg und tritt die Nachfolge von Interimstrainer Marco Schwab an, der die Mannschaft gemeinsam mit Co-Trainer Martin Knapp bis zum Saisonende betreut.<\/div>\n<div class=\"article-body ng-binding\">\n<p>Doch auch die SG Aulatal hat die Weichen f\u00fcr die sportliche Zukunft gestellt und pr\u00e4sentiert Enis Adrovic als neuen Trainer der ersten Mannschaft. Der Niederjossaer, der zuletzt beim ESV H\u00f6nebach t\u00e4tig war, wird zur Saison 2026\/27 Friedrichs Nachfolge antreten. Ausschlaggebend waren insbesondere sein klares sportliches Konzept, seine moderne Trainingsphilosophie sowie seine Pers\u00f6nlichkeit, hei\u00dft es in einer Pressemitteilung des Klubs. \u201eWir sind davon \u00fcberzeugt, dass er unserem Verein wichtige Impulse geben wird\u201c, erkl\u00e4rt die sportliche Leitung.<\/p>\n<p>Friedrich war von 2017 bis 2022 Trainer des TSV Schwarzenborn und wechselte im Sommer 2022 zur SG Aulatal. Mit dem Gruppenligisten gelang ihm 2024 der Aufstieg in die Verbandsliga. Bereits vor der Winterpause hatte er angek\u00fcndigt, seine T\u00e4tigkeit im Aulatal nach der laufenden Saison zu beenden.<\/p>\n<p>Mit ihm wechselt auch Dustin Bambey an den Engelhain, der k\u00fcnftig als spielender Co-Trainer fungieren wird. \u201eDie Art und Weise der Gespr\u00e4che mit den Verantwortlichen des TSV hat von Anfang an sehr gut gepasst. Offen, selbstkritisch, loyal und reflektiert wurde klar dargestellt, wo die Reise kurz-, mittel- und langfristig hingehen soll. Diese klare Idee, die \u00e4hnliche Philosophie sowie die vorhandene Power und das gro\u00dfe Potenzial im Kader haben uns \u00fcberzeugt\u201c, erkl\u00e4rt Friedrich. <em class=\"autor_kurzname\">BK\/RED FOTO: ALICIA KRETH<\/em><\/p>\n<\/div>\n","protected":false},"excerpt":{"rendered":"<p>Hersfelder Zeitung Donnerstag, 15. Januar 2026 SG Aulatal: Adrovic steigt im Sommer ein Enis Adrovic wird Trainer der Aulataler Kirchheim-Oberaula &#8211;\u00a0Ab der Saison 2026\/2027 \u00fcbernimmt Martin Friedrich von der SG [&hellip;]<\/p>\n","protected":false},"author":3,"featured_media":0,"comment_status":"open","ping_status":"closed","sticky":false,"template":"","format":"standard","meta":{"_price":"","_stock":"","_tribe_ticket_header":"","_tribe_default_ticket_provider":"","_tribe_ticket_capacity":"0","_ticket_start_date":"","_ticket_end_date":"","_tribe_ticket_show_description":"","_tribe_ticket_show_not_going":false,"_tribe_ticket_use_global_stock":"","_tribe_ticket_global_stock_level":"","_global_stock_mode":"","_global_stock_cap":"","_tribe_rsvp_for_event":"","_tribe_ticket_going_count":"","_tribe_ticket_not_going_count":"","_tribe_tickets_list":"[]","_tribe_ticket_has_attendee_info_fields":false,"footnotes":""},"categories":[2],"tags":[],"_links":{"self":[{"href":"https:\/\/hausen-aulatal.de\/index.php?rest_route=\/wp\/v2\/posts\/28786"}],"collection":[{"href":"https:\/\/hausen-aulatal.de\/index.php?rest_route=\/wp\/v2\/posts"}],"about":[{"href":"https:\/\/hausen-aulatal.de\/index.php?rest_route=\/wp\/v2\/types\/post"}],"author":[{"embeddable":true,"href":"https:\/\/hausen-aulatal.de\/index.php?rest_route=\/wp\/v2\/users\/3"}],"replies":[{"embeddable":true,"href":"https:\/\/hausen-aulatal.de\/index.php?rest_route=%2Fwp%2Fv2%2Fcomments&post=28786"}],"version-history":[{"count":6,"href":"https:\/\/hausen-aulatal.de\/index.php?rest_route=\/wp\/v2\/posts\/28786\/revisions"}],"predecessor-version":[{"id":28795,"href":"https:\/\/hausen-aulatal.de\/index.php?rest_route=\/wp\/v2\/posts\/28786\/revisions\/28795"}],"wp:attachment":[{"href":"https:\/\/hausen-aulatal.de\/index.php?rest_route=%2Fwp%2Fv2%2Fmedia&parent=28786"}],"wp:term":[{"taxonomy":"category","embeddable":true,"href":"https:\/\/hausen-aulatal.de\/index.php?rest_route=%2Fwp%2Fv2%2Fcategories&post=28786"},{"taxonomy":"post_tag","embeddable":true,"href":"https:\/\/hausen-aulatal.de\/index.php?rest_route=%2Fwp%2Fv2%2Ftags&post=28786"}],"curies":[{"name":"wp","href":"https:\/\/api.w.org\/{rel}","templated":true}]}}