{"id":28803,"date":"2026-01-18T23:59:10","date_gmt":"2026-01-18T22:59:10","guid":{"rendered":"https:\/\/hausen-aulatal.de\/?p=28803"},"modified":"2026-01-19T16:46:34","modified_gmt":"2026-01-19T15:46:34","slug":"28803","status":"publish","type":"post","link":"https:\/\/hausen-aulatal.de\/?p=28803","title":{"rendered":"Neujahrsempfang des Hausener Verein f\u00fcr Heimat und Brauchtum"},"content":{"rendered":"<h1 style=\"text-align: center;\"><strong>Zusammenhalt und Ehrenamt pr\u00e4gen den Neujahrsempfang<\/strong><\/h1>\n<p class=\"p1\" style=\"text-align: left;\"><span class=\"s1\"><a href=\"https:\/\/hausen-aulatal.de\/wp-content\/uploads\/2026\/01\/IMG_3963-scaled.jpeg\"><img loading=\"lazy\" decoding=\"async\" class=\"alignnone size-full wp-image-28809\" src=\"https:\/\/hausen-aulatal.de\/wp-content\/uploads\/2026\/01\/IMG_3963-scaled.jpeg\" alt=\"\" width=\"2560\" height=\"1920\" srcset=\"https:\/\/hausen-aulatal.de\/wp-content\/uploads\/2026\/01\/IMG_3963-scaled.jpeg 2560w, https:\/\/hausen-aulatal.de\/wp-content\/uploads\/2026\/01\/IMG_3963-300x225.jpeg 300w, https:\/\/hausen-aulatal.de\/wp-content\/uploads\/2026\/01\/IMG_3963-1024x768.jpeg 1024w, https:\/\/hausen-aulatal.de\/wp-content\/uploads\/2026\/01\/IMG_3963-768x576.jpeg 768w, https:\/\/hausen-aulatal.de\/wp-content\/uploads\/2026\/01\/IMG_3963-1536x1152.jpeg 1536w, https:\/\/hausen-aulatal.de\/wp-content\/uploads\/2026\/01\/IMG_3963-2048x1536.jpeg 2048w\" sizes=\"(max-width: 2560px) 100vw, 2560px\" \/><\/a><br \/>\nBeim traditionellen Neujahrsempfang des Hausener Vereins f\u00fcr Heimat und Brauchtum e.V. konnte der Vorsitzende J\u00f6rg Albert zahlreiche G\u00e4ste erstmals im \u201eKarl-Dippolsmann-Haus\u201c willkommen hei\u00dfen. Neben Vereinsmitgliedern und Unterst\u00fctzern freute sich Albert besonders \u00fcber die Anwesenheit der Ehreng\u00e4ste B\u00fcrgermeister Klaus Wagner, Kirchenpatron Dankwart v. D\u00f6rnberg, Pfarrer Jonas Betz sowie Vertreter der Mitgliedsvereine. Sie unterstrichen die enge Vernetzung des Heimatvereins in der Gemeinde.<\/span><\/p>\n<p class=\"p1\"><span class=\"s1\">In seiner Begr\u00fc\u00dfungsrede blickte Albert auf ein ereignisreiches Jahr zur\u00fcck. Der Verein, der vor zwei Jahren sein 25-j\u00e4hriges Bestehen feierte, habe mit vielf\u00e4ltigen Veranstaltungen wie dem Kartoffelfest, dem traditionellen St\u00e4ndchenspielen, der Herausgabe des beliebten Hausen-Kalenders sowie erstmals am 23. Dezember mit einem gut besuchten Weihnachtsmarkt am Gest\u00fct H\u00f6ny-Hof in Zusammenarbeit mit der Besitzerfamilie Schlumbohm erneut gezeigt, wie lebendig die Dorfgemeinschaft ist. Gleichzeitig w\u00fcrdigte er die engagierte Arbeit der rund 140 Mitglieder, die sich in zahlreichen Bereichen aktiv einbringen. \u201eDas Ehrenamt ist das Herz unserer Gemeinschaft. Nur durch diese Vielfalt an Engagement bleibt unser Dorf lebenswert\u201c, betonte Albert.<\/span><\/p>\n<p><a href=\"https:\/\/hausen-aulatal.de\/wp-content\/uploads\/2026\/01\/IMG_3968.jpeg\"><img loading=\"lazy\" decoding=\"async\" class=\"alignnone size-full wp-image-28811\" src=\"https:\/\/hausen-aulatal.de\/wp-content\/uploads\/2026\/01\/IMG_3968.jpeg\" alt=\"\" width=\"1832\" height=\"1320\" srcset=\"https:\/\/hausen-aulatal.de\/wp-content\/uploads\/2026\/01\/IMG_3968.jpeg 1832w, https:\/\/hausen-aulatal.de\/wp-content\/uploads\/2026\/01\/IMG_3968-300x216.jpeg 300w, https:\/\/hausen-aulatal.de\/wp-content\/uploads\/2026\/01\/IMG_3968-1024x738.jpeg 1024w, https:\/\/hausen-aulatal.de\/wp-content\/uploads\/2026\/01\/IMG_3968-768x553.jpeg 768w, https:\/\/hausen-aulatal.de\/wp-content\/uploads\/2026\/01\/IMG_3968-1536x1107.jpeg 1536w\" sizes=\"(max-width: 1832px) 100vw, 1832px\" \/><\/a><\/p>\n<p class=\"p1\"><span class=\"s1\">B\u00fcrgermeister Wagner kn\u00fcpfte in seinem Gru\u00dfwort an die Ausf\u00fchrungen des Vereinsvorsitzenden an und dankte allen ehrenamtlich T\u00e4tigen. Wagner, der aufgrund eines Sportunfalls einen achtw\u00f6chigen Arbeitsausfall hinnehmen musste, hob die Freiwilligen Feuerwehren beispielhaft hervor. Zudem erinnerte er an das Engagement der zahlreichen Ehrenamtlichen die sich wieder f\u00fcr die am 15. M\u00e4rz stattfindenden Kommunalwahlen aufstellen haben lassen.<\/span><\/p>\n<p class=\"p1\"><span class=\"s1\">Kirchenpatron Dankwart v. D\u00f6rnberg sprach in seinem Gru\u00dfwort die momentane Kirchenpolitik an und erl\u00e4uterte auch die drei Farben die die Kirchen bekommen haben. Das bedeutet f\u00fcr viele Kirchen, auch in unserem Kirchspiel das aus.<\/span><\/p>\n<p><a href=\"https:\/\/hausen-aulatal.de\/wp-content\/uploads\/2026\/01\/Neujahrsempfang1-3_2026.png\"><img loading=\"lazy\" decoding=\"async\" class=\"alignnone size-full wp-image-28815\" src=\"https:\/\/hausen-aulatal.de\/wp-content\/uploads\/2026\/01\/Neujahrsempfang1-3_2026.png\" alt=\"\" width=\"3700\" height=\"1600\" srcset=\"https:\/\/hausen-aulatal.de\/wp-content\/uploads\/2026\/01\/Neujahrsempfang1-3_2026.png 3700w, https:\/\/hausen-aulatal.de\/wp-content\/uploads\/2026\/01\/Neujahrsempfang1-3_2026-300x130.png 300w, https:\/\/hausen-aulatal.de\/wp-content\/uploads\/2026\/01\/Neujahrsempfang1-3_2026-1024x443.png 1024w, https:\/\/hausen-aulatal.de\/wp-content\/uploads\/2026\/01\/Neujahrsempfang1-3_2026-768x332.png 768w, https:\/\/hausen-aulatal.de\/wp-content\/uploads\/2026\/01\/Neujahrsempfang1-3_2026-1536x664.png 1536w, https:\/\/hausen-aulatal.de\/wp-content\/uploads\/2026\/01\/Neujahrsempfang1-3_2026-2048x886.png 2048w\" sizes=\"(max-width: 3700px) 100vw, 3700px\" \/><\/a><\/p>\n<p class=\"p1\"><span class=\"s1\">Klaus Baschnagel bedankte sich als Marktleiter des Sommermarkts in Oberaula f\u00fcr die vielf\u00e4ltige Unterst\u00fctzung durch den Hausener Heimatverein.<\/span><\/p>\n<p class=\"p1\"><span class=\"s1\">Donata Schenck zu Schweinsberg berichtet \u00fcber ein Vorhaben des DRK Ortsverein Oberaula. <\/span><span class=\"s1\">Es wird in naher Zukunft ein Info-Veranstaltung zum Thema Blackout &#8211; Bevorratung von Lebensmittel und Wasser, batteriebetriebenes Radio und Taschenlampen u.s.w. angeboten werden.<\/span><\/p>\n<p><a href=\"https:\/\/hausen-aulatal.de\/wp-content\/uploads\/2026\/01\/Neujahrsempfang2-3_2026.png\"><img loading=\"lazy\" decoding=\"async\" class=\"alignnone size-full wp-image-28816\" src=\"https:\/\/hausen-aulatal.de\/wp-content\/uploads\/2026\/01\/Neujahrsempfang2-3_2026.png\" alt=\"\" width=\"3700\" height=\"1600\" srcset=\"https:\/\/hausen-aulatal.de\/wp-content\/uploads\/2026\/01\/Neujahrsempfang2-3_2026.png 3700w, https:\/\/hausen-aulatal.de\/wp-content\/uploads\/2026\/01\/Neujahrsempfang2-3_2026-300x130.png 300w, https:\/\/hausen-aulatal.de\/wp-content\/uploads\/2026\/01\/Neujahrsempfang2-3_2026-1024x443.png 1024w, https:\/\/hausen-aulatal.de\/wp-content\/uploads\/2026\/01\/Neujahrsempfang2-3_2026-768x332.png 768w, https:\/\/hausen-aulatal.de\/wp-content\/uploads\/2026\/01\/Neujahrsempfang2-3_2026-1536x664.png 1536w, https:\/\/hausen-aulatal.de\/wp-content\/uploads\/2026\/01\/Neujahrsempfang2-3_2026-2048x886.png 2048w\" sizes=\"(max-width: 3700px) 100vw, 3700px\" \/><\/a><\/p>\n<h4><strong>\ud83d\udd4a\ufe0f <\/strong><strong>Kirchenvorstandswahlen am 26. Oktober 2025<\/strong><\/h4>\n<p>Der neu gew\u00e4hlte Kirchenvorstand setzt sich wie folgt zusammen:<\/p>\n<ul>\n<li><strong>Christiane Hofmann<\/strong><\/li>\n<li><strong>Rado Fleischmann<\/strong><\/li>\n<li><strong>Helga Hennighausen<\/strong><\/li>\n<\/ul>\n<p>Nicht erneut kandidiert und damit aus dem Gremium ausgeschieden sind:<\/p>\n<ul>\n<li><strong>B\u00e4rbel Hellwig<\/strong><\/li>\n<li><strong>Donata Schenck zu Schweinsberg<\/strong><\/li>\n<\/ul>\n<p>Ortsvorsteher und Vereinsvorsitzender J\u00f6rg Albert dankte im Namen der Hausener Dorfgemeinschaft allen bisherigen sowie den neu gew\u00e4hlten Mitgliedern des Kirchenvorstandes f\u00fcr ihr Engagement.<\/p>\n<h4>\ud83d\uddf3\ufe0f <strong>Kommunalwahl am 15. M\u00e4rz 2026<\/strong><\/h4>\n<p>F\u00fcr den Ortsbeirat tritt erneut eine Gemeinschaftsliste mit acht Kandidatinnen und Kandidaten an. Es kandidieren:<\/p>\n<ul>\n<li><strong>Maya-Leonie Stumpf<\/strong><\/li>\n<li><strong>Patricia Albert<\/strong><\/li>\n<li><strong>Helena Gottschlich<\/strong><\/li>\n<li><strong>Ilja R\u00fchl<\/strong><\/li>\n<li><strong>Rico Lipphardt<\/strong><\/li>\n<li><strong>Alexander Erler<\/strong><\/li>\n<li><strong>J\u00f6rg Albert<\/strong><\/li>\n<li><strong>Erwin Albert<\/strong><\/li>\n<\/ul>\n<p>J\u00fcrgen Eckhardt, B\u00e4rbel Hellwig und Norbert Braun kandidieren nicht mehr f\u00fcr den Ortsbeirat.<\/p>\n<p><a href=\"https:\/\/hausen-aulatal.de\/wp-content\/uploads\/2026\/01\/Neujahrsempfang8-18.01.2026.jpg\"><img loading=\"lazy\" decoding=\"async\" class=\"alignnone size-full wp-image-28829\" src=\"https:\/\/hausen-aulatal.de\/wp-content\/uploads\/2026\/01\/Neujahrsempfang8-18.01.2026.jpg\" alt=\"\" width=\"1600\" height=\"1200\" srcset=\"https:\/\/hausen-aulatal.de\/wp-content\/uploads\/2026\/01\/Neujahrsempfang8-18.01.2026.jpg 1600w, https:\/\/hausen-aulatal.de\/wp-content\/uploads\/2026\/01\/Neujahrsempfang8-18.01.2026-300x225.jpg 300w, https:\/\/hausen-aulatal.de\/wp-content\/uploads\/2026\/01\/Neujahrsempfang8-18.01.2026-1024x768.jpg 1024w, https:\/\/hausen-aulatal.de\/wp-content\/uploads\/2026\/01\/Neujahrsempfang8-18.01.2026-768x576.jpg 768w, https:\/\/hausen-aulatal.de\/wp-content\/uploads\/2026\/01\/Neujahrsempfang8-18.01.2026-1536x1152.jpg 1536w\" sizes=\"(max-width: 1600px) 100vw, 1600px\" \/><\/a><\/p>\n<p><a href=\"https:\/\/hausen-aulatal.de\/wp-content\/uploads\/2026\/01\/Neujahrsempfang6-18.01.2026.jpg\"><img loading=\"lazy\" decoding=\"async\" class=\"alignnone size-full wp-image-28827\" src=\"https:\/\/hausen-aulatal.de\/wp-content\/uploads\/2026\/01\/Neujahrsempfang6-18.01.2026.jpg\" alt=\"\" width=\"1600\" height=\"1200\" srcset=\"https:\/\/hausen-aulatal.de\/wp-content\/uploads\/2026\/01\/Neujahrsempfang6-18.01.2026.jpg 1600w, https:\/\/hausen-aulatal.de\/wp-content\/uploads\/2026\/01\/Neujahrsempfang6-18.01.2026-300x225.jpg 300w, https:\/\/hausen-aulatal.de\/wp-content\/uploads\/2026\/01\/Neujahrsempfang6-18.01.2026-1024x768.jpg 1024w, https:\/\/hausen-aulatal.de\/wp-content\/uploads\/2026\/01\/Neujahrsempfang6-18.01.2026-768x576.jpg 768w, https:\/\/hausen-aulatal.de\/wp-content\/uploads\/2026\/01\/Neujahrsempfang6-18.01.2026-1536x1152.jpg 1536w\" sizes=\"(max-width: 1600px) 100vw, 1600px\" \/><\/a><\/p>\n<p><a href=\"https:\/\/hausen-aulatal.de\/wp-content\/uploads\/2026\/01\/Neujahrsempfang7-18.01.2026.jpg\"><img loading=\"lazy\" decoding=\"async\" class=\"alignnone size-full wp-image-28828\" src=\"https:\/\/hausen-aulatal.de\/wp-content\/uploads\/2026\/01\/Neujahrsempfang7-18.01.2026.jpg\" alt=\"\" width=\"1600\" height=\"1200\" srcset=\"https:\/\/hausen-aulatal.de\/wp-content\/uploads\/2026\/01\/Neujahrsempfang7-18.01.2026.jpg 1600w, https:\/\/hausen-aulatal.de\/wp-content\/uploads\/2026\/01\/Neujahrsempfang7-18.01.2026-300x225.jpg 300w, https:\/\/hausen-aulatal.de\/wp-content\/uploads\/2026\/01\/Neujahrsempfang7-18.01.2026-1024x768.jpg 1024w, https:\/\/hausen-aulatal.de\/wp-content\/uploads\/2026\/01\/Neujahrsempfang7-18.01.2026-768x576.jpg 768w, https:\/\/hausen-aulatal.de\/wp-content\/uploads\/2026\/01\/Neujahrsempfang7-18.01.2026-1536x1152.jpg 1536w\" sizes=\"(max-width: 1600px) 100vw, 1600px\" \/><\/a><\/p>\n<p><a href=\"https:\/\/hausen-aulatal.de\/wp-content\/uploads\/2026\/01\/Neujahrsempfang5-18.01.2026.jpg\"><img loading=\"lazy\" decoding=\"async\" class=\"alignnone size-full wp-image-28826\" src=\"https:\/\/hausen-aulatal.de\/wp-content\/uploads\/2026\/01\/Neujahrsempfang5-18.01.2026.jpg\" alt=\"\" width=\"1600\" height=\"1200\" srcset=\"https:\/\/hausen-aulatal.de\/wp-content\/uploads\/2026\/01\/Neujahrsempfang5-18.01.2026.jpg 1600w, https:\/\/hausen-aulatal.de\/wp-content\/uploads\/2026\/01\/Neujahrsempfang5-18.01.2026-300x225.jpg 300w, https:\/\/hausen-aulatal.de\/wp-content\/uploads\/2026\/01\/Neujahrsempfang5-18.01.2026-1024x768.jpg 1024w, https:\/\/hausen-aulatal.de\/wp-content\/uploads\/2026\/01\/Neujahrsempfang5-18.01.2026-768x576.jpg 768w, https:\/\/hausen-aulatal.de\/wp-content\/uploads\/2026\/01\/Neujahrsempfang5-18.01.2026-1536x1152.jpg 1536w\" sizes=\"(max-width: 1600px) 100vw, 1600px\" \/><\/a><\/p>\n<p>&nbsp;<\/p>\n","protected":false},"excerpt":{"rendered":"<p>Zusammenhalt und Ehrenamt pr\u00e4gen den Neujahrsempfang Beim traditionellen Neujahrsempfang des Hausener Vereins f\u00fcr Heimat und Brauchtum e.V. konnte der Vorsitzende J\u00f6rg Albert zahlreiche G\u00e4ste erstmals im \u201eKarl-Dippolsmann-Haus\u201c willkommen hei\u00dfen. Neben [&hellip;]<\/p>\n","protected":false},"author":3,"featured_media":0,"comment_status":"open","ping_status":"closed","sticky":false,"template":"","format":"standard","meta":{"_price":"","_stock":"","_tribe_ticket_header":"","_tribe_default_ticket_provider":"","_tribe_ticket_capacity":"0","_ticket_start_date":"","_ticket_end_date":"","_tribe_ticket_show_description":"","_tribe_ticket_show_not_going":false,"_tribe_ticket_use_global_stock":"","_tribe_ticket_global_stock_level":"","_global_stock_mode":"","_global_stock_cap":"","_tribe_rsvp_for_event":"","_tribe_ticket_going_count":"","_tribe_ticket_not_going_count":"","_tribe_tickets_list":"[]","_tribe_ticket_has_attendee_info_fields":false,"footnotes":""},"categories":[2],"tags":[],"_links":{"self":[{"href":"https:\/\/hausen-aulatal.de\/index.php?rest_route=\/wp\/v2\/posts\/28803"}],"collection":[{"href":"https:\/\/hausen-aulatal.de\/index.php?rest_route=\/wp\/v2\/posts"}],"about":[{"href":"https:\/\/hausen-aulatal.de\/index.php?rest_route=\/wp\/v2\/types\/post"}],"author":[{"embeddable":true,"href":"https:\/\/hausen-aulatal.de\/index.php?rest_route=\/wp\/v2\/users\/3"}],"replies":[{"embeddable":true,"href":"https:\/\/hausen-aulatal.de\/index.php?rest_route=%2Fwp%2Fv2%2Fcomments&post=28803"}],"version-history":[{"count":13,"href":"https:\/\/hausen-aulatal.de\/index.php?rest_route=\/wp\/v2\/posts\/28803\/revisions"}],"predecessor-version":[{"id":28830,"href":"https:\/\/hausen-aulatal.de\/index.php?rest_route=\/wp\/v2\/posts\/28803\/revisions\/28830"}],"wp:attachment":[{"href":"https:\/\/hausen-aulatal.de\/index.php?rest_route=%2Fwp%2Fv2%2Fmedia&parent=28803"}],"wp:term":[{"taxonomy":"category","embeddable":true,"href":"https:\/\/hausen-aulatal.de\/index.php?rest_route=%2Fwp%2Fv2%2Fcategories&post=28803"},{"taxonomy":"post_tag","embeddable":true,"href":"https:\/\/hausen-aulatal.de\/index.php?rest_route=%2Fwp%2Fv2%2Ftags&post=28803"}],"curies":[{"name":"wp","href":"https:\/\/api.w.org\/{rel}","templated":true}]}}