{"id":29049,"date":"2026-03-05T19:33:21","date_gmt":"2026-03-05T18:33:21","guid":{"rendered":"https:\/\/hausen-aulatal.de\/?p=29049"},"modified":"2026-03-05T19:33:58","modified_gmt":"2026-03-05T18:33:58","slug":"einladung-zur-jahreshauptversammlung-fuer-das-jahr-2025","status":"publish","type":"post","link":"https:\/\/hausen-aulatal.de\/?p=29049","title":{"rendered":"Einladung zur Jahreshauptversammlung f\u00fcr das Jahr 2025"},"content":{"rendered":"<p><a href=\"https:\/\/hausen-aulatal.de\/wp-content\/uploads\/2025\/12\/Logo-Heimatverein-2025.jpg\"><img loading=\"lazy\" decoding=\"async\" class=\"wp-image-28547 alignright\" src=\"https:\/\/hausen-aulatal.de\/wp-content\/uploads\/2025\/12\/Logo-Heimatverein-2025.jpg\" alt=\"\" width=\"249\" height=\"258\" srcset=\"https:\/\/hausen-aulatal.de\/wp-content\/uploads\/2025\/12\/Logo-Heimatverein-2025.jpg 381w, https:\/\/hausen-aulatal.de\/wp-content\/uploads\/2025\/12\/Logo-Heimatverein-2025-289x300.jpg 289w\" sizes=\"(max-width: 249px) 100vw, 249px\" \/><\/a>Der Vorstand des Hausener Vereins f\u00fcr Heimat und Brauchtum e.V. l\u00e4dt hiermit alle Vereinsmitglieder zur Jahreshauptversammlung am<\/p>\n<p><strong>Donnerstag, dem 19. M\u00e4rz 2026 um 19.30 Uhr<\/strong><\/p>\n<p><strong>im Dorfgemeinschaftshaus in Hausen<\/strong><\/p>\n<p>recht herzlich ein.<\/p>\n<p>&nbsp;<\/p>\n<p>Tagesordnung:<\/p>\n<p>1.) Er\u00f6ffnung und Begr\u00fc\u00dfung<\/p>\n<p>2.) Totenehrung<\/p>\n<p>3.) T\u00e4tigkeitsbericht des Vorstandes<\/p>\n<p>4.) T\u00e4tigkeitsberichte der Untervereine<\/p>\n<p>5.) Bericht des Kassierers<\/p>\n<p>6.) Bericht der Kassenpr\u00fcfer<\/p>\n<p>7.) Entlastung des Vorstandes<\/p>\n<p>8.) Wahl eines neuen Kassenpr\u00fcfers<\/p>\n<p>9.) Wahl eines Schriftf\u00fchrers<\/p>\n<p>10.) Gru\u00dfworte<\/p>\n<p>11.) Veranstaltungen 2026, Kirmes, St\u00e4ndchen, Kartoffelfest<\/p>\n<p>Weihnachtsmarkt \u201eH\u00f6ny-Hof\u201c, Bingo am 21.03.2026, &#8230;.<\/p>\n<p>12.) Seniorennachmittage wieder durch den Heimatverein?<\/p>\n<p>13.) Sachstand ehem. FW-Ger\u00e4tehaus<\/p>\n<p>14.) Verschiedenes<\/p>\n<p>&nbsp;<\/p>\n<p>Neumitglieder k\u00f6nnen an diesem Abend dem Verein beitreten.<\/p>\n<p>Ein Imbiss wird gereicht. Um eine Anmeldung bis 16.03.wird gebeten.<\/p>\n<p>&nbsp;<\/p>\n<p>gez. J\u00f6rg Albert\/1.Vorsitzender<\/p>\n<p>05.03.2026<\/p>\n","protected":false},"excerpt":{"rendered":"<p>Der Vorstand des Hausener Vereins f\u00fcr Heimat und Brauchtum e.V. l\u00e4dt hiermit alle Vereinsmitglieder zur Jahreshauptversammlung am Donnerstag, dem 19. M\u00e4rz 2026 um 19.30 Uhr im Dorfgemeinschaftshaus in Hausen recht [&hellip;]<\/p>\n","protected":false},"author":2,"featured_media":0,"comment_status":"open","ping_status":"closed","sticky":false,"template":"","format":"standard","meta":{"_price":"","_stock":"","_tribe_ticket_header":"","_tribe_default_ticket_provider":"","_tribe_ticket_capacity":"0","_ticket_start_date":"","_ticket_end_date":"","_tribe_ticket_show_description":"","_tribe_ticket_show_not_going":false,"_tribe_ticket_use_global_stock":"","_tribe_ticket_global_stock_level":"","_global_stock_mode":"","_global_stock_cap":"","_tribe_rsvp_for_event":"","_tribe_ticket_going_count":"","_tribe_ticket_not_going_count":"","_tribe_tickets_list":"[]","_tribe_ticket_has_attendee_info_fields":false,"footnotes":""},"categories":[2,14,9],"tags":[],"_links":{"self":[{"href":"https:\/\/hausen-aulatal.de\/index.php?rest_route=\/wp\/v2\/posts\/29049"}],"collection":[{"href":"https:\/\/hausen-aulatal.de\/index.php?rest_route=\/wp\/v2\/posts"}],"about":[{"href":"https:\/\/hausen-aulatal.de\/index.php?rest_route=\/wp\/v2\/types\/post"}],"author":[{"embeddable":true,"href":"https:\/\/hausen-aulatal.de\/index.php?rest_route=\/wp\/v2\/users\/2"}],"replies":[{"embeddable":true,"href":"https:\/\/hausen-aulatal.de\/index.php?rest_route=%2Fwp%2Fv2%2Fcomments&post=29049"}],"version-history":[{"count":2,"href":"https:\/\/hausen-aulatal.de\/index.php?rest_route=\/wp\/v2\/posts\/29049\/revisions"}],"predecessor-version":[{"id":29051,"href":"https:\/\/hausen-aulatal.de\/index.php?rest_route=\/wp\/v2\/posts\/29049\/revisions\/29051"}],"wp:attachment":[{"href":"https:\/\/hausen-aulatal.de\/index.php?rest_route=%2Fwp%2Fv2%2Fmedia&parent=29049"}],"wp:term":[{"taxonomy":"category","embeddable":true,"href":"https:\/\/hausen-aulatal.de\/index.php?rest_route=%2Fwp%2Fv2%2Fcategories&post=29049"},{"taxonomy":"post_tag","embeddable":true,"href":"https:\/\/hausen-aulatal.de\/index.php?rest_route=%2Fwp%2Fv2%2Ftags&post=29049"}],"curies":[{"name":"wp","href":"https:\/\/api.w.org\/{rel}","templated":true}]}}