{"id":29070,"date":"2026-03-08T23:51:56","date_gmt":"2026-03-08T22:51:56","guid":{"rendered":"https:\/\/hausen-aulatal.de\/?p=29070"},"modified":"2026-03-09T00:16:19","modified_gmt":"2026-03-08T23:16:19","slug":"fussgaenger-stirbt-nach-kollision-mit-radfahrer","status":"publish","type":"post","link":"https:\/\/hausen-aulatal.de\/?p=29070","title":{"rendered":"Fu\u00ad\u00df\u00adg\u00e4n\u00adger stirbt nach Kol\u00adli\u00adsi\u00adon mit Rad\u00adfah\u00adrer"},"content":{"rendered":"<div style=\"text-align: center;\"><a href=\"https:\/\/hausen-aulatal.de\/wp-content\/uploads\/2016\/08\/Logo-osthessen-news.png\"><img loading=\"lazy\" decoding=\"async\" class=\"alignnone size-full wp-image-6344\" src=\"https:\/\/hausen-aulatal.de\/wp-content\/uploads\/2016\/08\/Logo-osthessen-news.png\" alt=\"\" width=\"461\" height=\"90\" srcset=\"https:\/\/hausen-aulatal.de\/wp-content\/uploads\/2016\/08\/Logo-osthessen-news.png 461w, https:\/\/hausen-aulatal.de\/wp-content\/uploads\/2016\/08\/Logo-osthessen-news-300x58.png 300w\" sizes=\"(max-width: 461px) 100vw, 461px\" \/><\/a><\/p>\n<p>09.03.2026<\/p><\/div>\n<h1 class=\"kicker\">Trotz Reanimation verstorben<\/h1>\n<h3 class=\"headline\">30-j\u00e4hriger Fu\u00dfg\u00e4nger bei Crash mit Fahrradfahrer (24) t\u00f6dlich verletzt<\/h3>\n<div id=\"news\" class=\"news\">\n<p><strong>Kirchheim<\/strong> &#8211; Tragischer Unfall unterhalb des Eisenbergs bei Kirchheim: Am Samstag (07.03.) kam es gegen 20.50 Uhr auf einem Verbindungsweg zwischen der L 3157 und der K 34 unterhalb des Eisenberges zu einem folgenschweren Verkehrsunfall zwischen einem 24-j\u00e4hrigen Fahrradfahrer aus Oberaula und einem 30-j\u00e4hrigen Fu\u00dfg\u00e4nger, ebenfalls aus Oberaula. Der Fu\u00dfg\u00e4nger wurde durch den Unfall so schwer verletzt, dass er trotz eingeleiteter Reanimationsma\u00dfnahmen kurz darauf verstarb. Der Fahrradfahrer wurde ebenfalls verletzt und in ein umliegendes Krankenhaus gebracht.<\/p>\n<p>Wie genau es zu dem Unfall kommen konnte, ist derzeit Bestandteil der polizeilichen Ermittlungen. Auf Anordnung der Staatsanwaltschaft Fulda wurde ein Gutachter zur Kl\u00e4rung der Unfallursache hinzugezogen.<\/p>\n<p>Auf Nachfrage berichtet der Polizeisprecher des Polizeipr\u00e4sidiums Osthessen, die beiden M\u00e4nner h\u00e4tten sich gekannt und w\u00e4ren zusammen unterwegs gewesen. Als der 30-J\u00e4hrige, der zu Fu\u00df unterwegs war, auf einem Feldweg vorausgegangen war, wollte ihn der Fahrradfahrer einholen und habe ihn in der Dunkelheit \u00fcbersehen. Dadurch sei es zu dem Zusammenprall gekommen, bei dem der 30-J\u00e4hrige so schwer verletzt wurde, dass er trotz Versorgung durch den Rettungsdienst noch vor Ort verstarb. (pm\/ci)+++<\/p>\n<\/div>\n<h1 class=\"av__wrapper__meta\" style=\"text-align: center;\"><span style=\"color: #000000;\"><strong><span class=\"av__wrapper__meta__day-of-the-week\"><span class=\"av__wrapper__meta__doc-title\"><br \/>\nSchw\u00e4lmer Allgemeine<\/span><\/span><\/strong><\/span><\/h1>\n<div class=\"av__wrapper__meta\" style=\"text-align: center;\">\n<h6><strong><span class=\"av__wrapper__meta__day-of-the-week\">Montag<\/span>, <span class=\"av__wrapper__meta__day-and-month\">9. M\u00e4rz<\/span> <span class=\"av__wrapper__meta__year\">2026<\/span><\/strong><\/h6>\n<\/div>\n<div class=\"av__wrapper__body hyphenate\">\n<p><strong>Kirch\u00adheim\/Wil\u00adligs\u00adhain<\/strong> <em class=\"fett\">\u2013 <\/em>Ein Fu\u00ad\u00df\u00adg\u00e4n\u00adger ist nach einer Kol\u00adli\u00adsi\u00adon mit einem Fahr\u00adrad\u00adfah\u00adrer am Fu\u00dfe des Ei\u00adsen\u00adbergs in Wil\u00adligs\u00adhain (Land\u00adkrkeis Hers\u00adfeld-Ro\u00adten\u00adburg) t\u00f6d\u00adlich ver\u00adletzt wor\u00adden. Der Un\u00adfall er\u00adeig\u00adne\u00adte sich am Sams\u00adtag\u00adabend gegen 20.50 Uhr auf einem Ver\u00adbin\u00addungs\u00adweg zwi\u00adschen der L 3157 und der K 34. Ein 24-j\u00e4h\u00adri\u00adger Fahr\u00adrad\u00adfah\u00adrer aus Ober\u00adau\u00adla und ein 30-j\u00e4h\u00adri\u00adger Fu\u00ad\u00df\u00adg\u00e4n\u00adger, eben\u00adfalls aus Ober\u00adau\u00adla, waren nach Po\u00adli\u00adzei\u00adan\u00adga\u00adben in der Dun\u00adkel\u00adheit ge\u00admein\u00adsam un\u00adter\u00adwegs. Dabei kam es auf dem Ver\u00adbin\u00addungs\u00adweg zu dem fol\u00adgen\u00adschwe\u00adren Un\u00adfall, bei dem der Fu\u00ad\u00df\u00adg\u00e4n\u00adger so schwer ver\u00adletzt wurde, dass er trotz so\u00adfort ein\u00adge\u00adlei\u00adte\u00adter Re\u00adani\u00adma\u00adti\u00adons\u00adma\u00df\u00adnah\u00admen kurz dar\u00adauf starb. Der Fahr\u00adrad\u00adfah\u00adrer wurde eben\u00adfalls ver\u00adletzt und in ein um\u00adlie\u00adgen\u00addes Kran\u00adken\u00adhaus ge\u00adbracht. Die Po\u00adli\u00adzei er\u00admit\u00adtelt noch, wie es zu dem Un\u00adfall kom\u00admen konn\u00adte. Auf An\u00adord\u00adnung der Staats\u00adan\u00adwalt\u00adschaft Fulda wurde ein Gut\u00adach\u00adter zur Kl\u00e4\u00adrung hin\u00adzu\u00adge\u00adzo\u00adgen.<\/p>\n<\/div>\n<h1 class=\"av__wrapper__meta\" style=\"text-align: center;\"><span style=\"color: #000000;\"><strong><span class=\"av__wrapper__meta__day-of-the-week\"><span class=\"av__wrapper__meta__doc-title\">Schw\u00e4lmer Allgemeine<\/span><\/span><\/strong><\/span><\/h1>\n<h6 style=\"text-align: center;\"><strong><span class=\"av__wrapper__meta__day-of-the-week\">Montag<\/span>, <span class=\"av__wrapper__meta__day-and-month\">9. M\u00e4rz<\/span> <span class=\"av__wrapper__meta__year\">2026<\/span><\/strong><\/h6>\n<div class=\"av__wrapper__body hyphenate\">\n<h1 class=\"av__wrapper__title hyphenate\">Fu\u00dfg\u00e4nger stirbt bei Unfall mit Fahrradfahrer<\/h1>\n<p class=\"av__wrapper__subtitle hyphenate\"><em><strong>Eisenberg<\/strong><\/em><em class=\"fett\" style=\"font-family: Roboto, 'Helvetica Neue', Helvetica, Arial, sans-serif; font-size: 16px;\"> \u2013 <\/em><span style=\"font-family: Roboto, 'Helvetica Neue', Helvetica, Arial, sans-serif; font-size: 16px;\">Ein Fu\u00dfg\u00e4nger aus Oberaula ist am Samstagabend gegen 20.50 Uhr bei einem Zusammensto\u00df mit einem Fahrradfahrer auf einem Verbindungsweg unterhalb des Eisenberges t\u00f6dlich verletzt worden. Nach Angaben der Polizei stie\u00dfen dort ein 24-j\u00e4hriger Fahrradfahrer, auch aus Oberaula, und der 30-j\u00e4hrige Fu\u00dfg\u00e4nger zusammen. Der 30-J\u00e4hrige wurde so schwer verletzt, dass er trotz Reanimation kurz darauf verstarb. Der 24-j\u00e4hrige Radfahrer wurde ebenfalls verletzt und in ein Krankenhaus gebracht.<\/span><\/p>\n<div class=\"av__wrapper__body hyphenate\">\n<p>Wie genau es zu dem Unfall kommen konnte, ist nach Polizeiangaben derzeit Bestandteil der Ermittlungen.<\/p>\n<\/div>\n<\/div>\n","protected":false},"excerpt":{"rendered":"<p>09.03.2026 Trotz Reanimation verstorben 30-j\u00e4hriger Fu\u00dfg\u00e4nger bei Crash mit Fahrradfahrer (24) t\u00f6dlich verletzt Kirchheim &#8211; Tragischer Unfall unterhalb des Eisenbergs bei Kirchheim: Am Samstag (07.03.) kam es gegen 20.50 Uhr [&hellip;]<\/p>\n","protected":false},"author":3,"featured_media":0,"comment_status":"open","ping_status":"closed","sticky":false,"template":"","format":"standard","meta":{"_price":"","_stock":"","_tribe_ticket_header":"","_tribe_default_ticket_provider":"","_tribe_ticket_capacity":"0","_ticket_start_date":"","_ticket_end_date":"","_tribe_ticket_show_description":"","_tribe_ticket_show_not_going":false,"_tribe_ticket_use_global_stock":"","_tribe_ticket_global_stock_level":"","_global_stock_mode":"","_global_stock_cap":"","_tribe_rsvp_for_event":"","_tribe_ticket_going_count":"","_tribe_ticket_not_going_count":"","_tribe_tickets_list":"[]","_tribe_ticket_has_attendee_info_fields":false,"footnotes":""},"categories":[2],"tags":[],"_links":{"self":[{"href":"https:\/\/hausen-aulatal.de\/index.php?rest_route=\/wp\/v2\/posts\/29070"}],"collection":[{"href":"https:\/\/hausen-aulatal.de\/index.php?rest_route=\/wp\/v2\/posts"}],"about":[{"href":"https:\/\/hausen-aulatal.de\/index.php?rest_route=\/wp\/v2\/types\/post"}],"author":[{"embeddable":true,"href":"https:\/\/hausen-aulatal.de\/index.php?rest_route=\/wp\/v2\/users\/3"}],"replies":[{"embeddable":true,"href":"https:\/\/hausen-aulatal.de\/index.php?rest_route=%2Fwp%2Fv2%2Fcomments&post=29070"}],"version-history":[{"count":6,"href":"https:\/\/hausen-aulatal.de\/index.php?rest_route=\/wp\/v2\/posts\/29070\/revisions"}],"predecessor-version":[{"id":29076,"href":"https:\/\/hausen-aulatal.de\/index.php?rest_route=\/wp\/v2\/posts\/29070\/revisions\/29076"}],"wp:attachment":[{"href":"https:\/\/hausen-aulatal.de\/index.php?rest_route=%2Fwp%2Fv2%2Fmedia&parent=29070"}],"wp:term":[{"taxonomy":"category","embeddable":true,"href":"https:\/\/hausen-aulatal.de\/index.php?rest_route=%2Fwp%2Fv2%2Fcategories&post=29070"},{"taxonomy":"post_tag","embeddable":true,"href":"https:\/\/hausen-aulatal.de\/index.php?rest_route=%2Fwp%2Fv2%2Ftags&post=29070"}],"curies":[{"name":"wp","href":"https:\/\/api.w.org\/{rel}","templated":true}]}}