{"id":29078,"date":"2026-03-09T23:49:52","date_gmt":"2026-03-09T22:49:52","guid":{"rendered":"https:\/\/hausen-aulatal.de\/?p=29078"},"modified":"2026-03-09T23:49:52","modified_gmt":"2026-03-09T22:49:52","slug":"kommunalwahl-naechsten-sonntag","status":"publish","type":"post","link":"https:\/\/hausen-aulatal.de\/?p=29078","title":{"rendered":"Kommunalwahl n\u00e4chsten Sonntag"},"content":{"rendered":"<h1 class=\"text-center neo-h1 mailing-title\">Vorstellung der acht Bewerberinnen und Bewerber f\u00fcr den Ortsbeirat Hausen.<\/h1>\n<p>F\u00fcr die Wahlperiode 2026 bis 2031 stellen sich acht engagierte B\u00fcrgerinnen und B\u00fcrger zur Wahl f\u00fcr den Ortsbeirat in Hausen, der aus sieben Mitgliedern bestehen wird.<\/p>\n<p style=\"text-align: center;\"><a href=\"https:\/\/hausen-aulatal.de\/wp-content\/uploads\/2026\/03\/WhatsApp-Image-2026-02-28-at-14.31.07.jpeg\"><img loading=\"lazy\" decoding=\"async\" class=\"alignnone size-full wp-image-29011\" src=\"https:\/\/hausen-aulatal.de\/wp-content\/uploads\/2026\/03\/WhatsApp-Image-2026-02-28-at-14.31.07.jpeg\" alt=\"\" width=\"1536\" height=\"1024\" srcset=\"https:\/\/hausen-aulatal.de\/wp-content\/uploads\/2026\/03\/WhatsApp-Image-2026-02-28-at-14.31.07.jpeg 1536w, https:\/\/hausen-aulatal.de\/wp-content\/uploads\/2026\/03\/WhatsApp-Image-2026-02-28-at-14.31.07-300x200.jpeg 300w, https:\/\/hausen-aulatal.de\/wp-content\/uploads\/2026\/03\/WhatsApp-Image-2026-02-28-at-14.31.07-1024x683.jpeg 1024w, https:\/\/hausen-aulatal.de\/wp-content\/uploads\/2026\/03\/WhatsApp-Image-2026-02-28-at-14.31.07-768x512.jpeg 768w\" sizes=\"(max-width: 1536px) 100vw, 1536px\" \/><\/a>Auf dem Foto sehen Sie:<\/p>\n<p>Ilja, Maya, Erwin, Patricia, Rico, Helena, Alexander, J\u00f6rg<\/p>\n<p>Zur Wiederwahl stellen sich:<\/p>\n<ul>\n<li>Alexander Erler<\/li>\n<li>Ilja R\u00fchl<\/li>\n<li>J\u00f6rg Albert<\/li>\n<li>Erwin Albert<\/li>\n<\/ul>\n<p>Erstmals f\u00fcr dieses Amt kandidieren:<\/p>\n<ul>\n<li>Maya Stumpf, geb. Lipphardt<\/li>\n<li>Patricia Albert<\/li>\n<li>Helena Gottschlich, geb. Heinisch<\/li>\n<li>Rico Lipphardt<\/li>\n<\/ul>\n<p>Alle Kandidatinnen und Kandidaten m\u00f6chten sich in den kommenden f\u00fcnf Jahren aktiv f\u00fcr die Belange unseres Ortsteils einsetzen und die Zukunft von Hausen mitgestalten.<\/p>\n<p>Die Wahl findet <span dir=\"ltr\">am <\/span><strong><span dir=\"ltr\">15.03.2026<\/span> im DGH Hausen<\/strong> statt. Bereits jetzt besteht zudem die M\u00f6glichkeit der Briefwahl.<\/p>\n<p>Bei der Stimmabgabe haben Sie <strong>7 Stimmen<\/strong>. Diese k\u00f6nnen Sie frei auf die Bewerberinnen und Bewerber verteilen \u2013 dabei sind <strong>bis zu 3 Stimmen pro Person<\/strong> m\u00f6glich.Wir w\u00fcnschen allen Kandidatinnen und Kandidaten viel Erfolg und bedanken uns f\u00fcr ihr Engagement f\u00fcr unsere Dorfgemeinschaft!<\/p>\n","protected":false},"excerpt":{"rendered":"<p>Vorstellung der acht Bewerberinnen und Bewerber f\u00fcr den Ortsbeirat Hausen. F\u00fcr die Wahlperiode 2026 bis 2031 stellen sich acht engagierte B\u00fcrgerinnen und B\u00fcrger zur Wahl f\u00fcr den Ortsbeirat in Hausen, [&hellip;]<\/p>\n","protected":false},"author":3,"featured_media":0,"comment_status":"open","ping_status":"closed","sticky":false,"template":"","format":"standard","meta":{"_price":"","_stock":"","_tribe_ticket_header":"","_tribe_default_ticket_provider":"","_tribe_ticket_capacity":"0","_ticket_start_date":"","_ticket_end_date":"","_tribe_ticket_show_description":"","_tribe_ticket_show_not_going":false,"_tribe_ticket_use_global_stock":"","_tribe_ticket_global_stock_level":"","_global_stock_mode":"","_global_stock_cap":"","_tribe_rsvp_for_event":"","_tribe_ticket_going_count":"","_tribe_ticket_not_going_count":"","_tribe_tickets_list":"[]","_tribe_ticket_has_attendee_info_fields":false,"footnotes":""},"categories":[2],"tags":[],"_links":{"self":[{"href":"https:\/\/hausen-aulatal.de\/index.php?rest_route=\/wp\/v2\/posts\/29078"}],"collection":[{"href":"https:\/\/hausen-aulatal.de\/index.php?rest_route=\/wp\/v2\/posts"}],"about":[{"href":"https:\/\/hausen-aulatal.de\/index.php?rest_route=\/wp\/v2\/types\/post"}],"author":[{"embeddable":true,"href":"https:\/\/hausen-aulatal.de\/index.php?rest_route=\/wp\/v2\/users\/3"}],"replies":[{"embeddable":true,"href":"https:\/\/hausen-aulatal.de\/index.php?rest_route=%2Fwp%2Fv2%2Fcomments&post=29078"}],"version-history":[{"count":3,"href":"https:\/\/hausen-aulatal.de\/index.php?rest_route=\/wp\/v2\/posts\/29078\/revisions"}],"predecessor-version":[{"id":29090,"href":"https:\/\/hausen-aulatal.de\/index.php?rest_route=\/wp\/v2\/posts\/29078\/revisions\/29090"}],"wp:attachment":[{"href":"https:\/\/hausen-aulatal.de\/index.php?rest_route=%2Fwp%2Fv2%2Fmedia&parent=29078"}],"wp:term":[{"taxonomy":"category","embeddable":true,"href":"https:\/\/hausen-aulatal.de\/index.php?rest_route=%2Fwp%2Fv2%2Fcategories&post=29078"},{"taxonomy":"post_tag","embeddable":true,"href":"https:\/\/hausen-aulatal.de\/index.php?rest_route=%2Fwp%2Fv2%2Ftags&post=29078"}],"curies":[{"name":"wp","href":"https:\/\/api.w.org\/{rel}","templated":true}]}}