{"id":29111,"date":"2026-03-11T21:18:04","date_gmt":"2026-03-11T20:18:04","guid":{"rendered":"https:\/\/hausen-aulatal.de\/?p=29111"},"modified":"2026-03-11T21:21:41","modified_gmt":"2026-03-11T20:21:41","slug":"donata-feierte-ihren-75-geburtstag","status":"publish","type":"post","link":"https:\/\/hausen-aulatal.de\/?p=29111","title":{"rendered":"Donata feierte ihren 75. Geburtstag"},"content":{"rendered":"<div style=\"text-align: center;\"><a href=\"https:\/\/hausen-aulatal.de\/wp-content\/uploads\/2016\/08\/Logo-osthessen-news.png\"><img loading=\"lazy\" decoding=\"async\" class=\"alignnone size-full wp-image-6344\" src=\"https:\/\/hausen-aulatal.de\/wp-content\/uploads\/2016\/08\/Logo-osthessen-news.png\" alt=\"\" width=\"461\" height=\"90\" srcset=\"https:\/\/hausen-aulatal.de\/wp-content\/uploads\/2016\/08\/Logo-osthessen-news.png 461w, https:\/\/hausen-aulatal.de\/wp-content\/uploads\/2016\/08\/Logo-osthessen-news-300x58.png 300w\" sizes=\"(max-width: 461px) 100vw, 461px\" \/><\/a><\/div>\n<h6 style=\"text-align: center;\"><strong><a href=\"https:\/\/hausen-aulatal.de\/wp-content\/uploads\/2016\/08\/Logo-osthessen-news.png\">11.03.2026<\/a><\/strong><\/h6>\n<div class=\"kicker\"><strong>OBERAULA <\/strong>Minister gratuliert aus Wiesbaden<\/div>\n<div><a href=\"https:\/\/hausen-aulatal.de\/wp-content\/uploads\/2026\/03\/Donata75Geb10.03.2026-01osthessennews.png\"><img loading=\"lazy\" decoding=\"async\" class=\"alignnone size-full wp-image-29113\" src=\"https:\/\/hausen-aulatal.de\/wp-content\/uploads\/2026\/03\/Donata75Geb10.03.2026-01osthessennews.png\" alt=\"\" width=\"1280\" height=\"853\" srcset=\"https:\/\/hausen-aulatal.de\/wp-content\/uploads\/2026\/03\/Donata75Geb10.03.2026-01osthessennews.png 1280w, https:\/\/hausen-aulatal.de\/wp-content\/uploads\/2026\/03\/Donata75Geb10.03.2026-01osthessennews-300x200.png 300w, https:\/\/hausen-aulatal.de\/wp-content\/uploads\/2026\/03\/Donata75Geb10.03.2026-01osthessennews-1024x682.png 1024w, https:\/\/hausen-aulatal.de\/wp-content\/uploads\/2026\/03\/Donata75Geb10.03.2026-01osthessennews-768x512.png 768w\" sizes=\"(max-width: 1280px) 100vw, 1280px\" \/><\/a><\/div>\n<h6><strong>Happy Birthday! Donata Freifrau Schenck zu Schweinsberg hat am Dienstagabend ihren 75. Geburtstag gefeiert. &#8211; Fotos: Hendrik Urbin<\/strong><\/h6>\n<h2 class=\"headline\" style=\"text-align: center;\"><strong>Happy Birthday! Rotkreuz-Pr\u00e4sidentin Donata von Schenck feiert 75. Geburtstag<\/strong><\/h2>\n<div id=\"news\" class=\"news\">\n<p><strong>Hausen-<\/strong> Besonderes Jubil\u00e4um mit viel Prominenz im kleinen \u00d6rtchen Hausen (Gemeinde Oberaula) im Schwalm-Eder-Kreis. Donata Freifrau Schenck zu Schweinsberg hat dort am Dienstagabend ihren 75. Geburtstag gefeiert. Rund 80 G\u00e4ste aus Politik, Wirtschaft, Kirche und Gesellschaft waren geladen, um der vielbesch\u00e4ftigen und sozial engagierten Dame zu gratulieren.<\/p>\n<p><a href=\"https:\/\/hausen-aulatal.de\/wp-content\/uploads\/2026\/03\/Donata75Geb10.03.2026-02osthessennews.png\"><img loading=\"lazy\" decoding=\"async\" class=\"alignnone size-full wp-image-29114\" src=\"https:\/\/hausen-aulatal.de\/wp-content\/uploads\/2026\/03\/Donata75Geb10.03.2026-02osthessennews.png\" alt=\"\" width=\"1280\" height=\"853\" srcset=\"https:\/\/hausen-aulatal.de\/wp-content\/uploads\/2026\/03\/Donata75Geb10.03.2026-02osthessennews.png 1280w, https:\/\/hausen-aulatal.de\/wp-content\/uploads\/2026\/03\/Donata75Geb10.03.2026-02osthessennews-300x200.png 300w, https:\/\/hausen-aulatal.de\/wp-content\/uploads\/2026\/03\/Donata75Geb10.03.2026-02osthessennews-1024x682.png 1024w, https:\/\/hausen-aulatal.de\/wp-content\/uploads\/2026\/03\/Donata75Geb10.03.2026-02osthessennews-768x512.png 768w\" sizes=\"(max-width: 1280px) 100vw, 1280px\" \/><\/a><\/p>\n<h6><strong><span class=\"lp_is_start\">Donata von Schenck steht als Pr\u00e4sidentin dem Deutschen Roten Kreuz (DRK) Fulda vor. &#8230;<\/span><\/strong><\/h6>\n<p>Viele legen mit 75 Jahren entspannt die F\u00fc\u00dfe hoch und genie\u00dfen das Leben, nicht aber Donata von Schenck. Sie steht als Pr\u00e4sidentin dem Deutschen Roten Kreuz (DRK) Fulda vor und ist h\u00f6chste Repr\u00e4sentantin der Hilfsorganisation. &#8222;Mit jungen, frischen Ideen und einzigartigem Charme ist Frau von Schenck eine unverzichtbare Konstante in unserem Verband&#8220;, lobt Vize-Pr\u00e4sident Dr. Andreas Opitz, auch im Namen seiner Pr\u00e4sidiums-Kollegen Manfred Gerhard und Markus Schleicher sowie dem Vorstandsvorsitzenden Christoph Schwab, &#8222;die Chefin&#8220; von 1.000 Hauptamtlichen und \u00fcber 750 Ehrenamtlichen. Und Schenck erg\u00e4nzt: &#8222;Ans Aufh\u00f6ren denke ich noch lange nicht. Das Amt h\u00e4lt mich fit und gesun<strong>d.&#8220; <\/strong><\/p>\n<div class=\"simage\">\n<div class=\"simage\">\n<h6><a href=\"https:\/\/hausen-aulatal.de\/wp-content\/uploads\/2026\/03\/Donata75Geb10.03.2026-03osthessennews.png\"><img loading=\"lazy\" decoding=\"async\" class=\"alignnone size-full wp-image-29115\" src=\"https:\/\/hausen-aulatal.de\/wp-content\/uploads\/2026\/03\/Donata75Geb10.03.2026-03osthessennews.png\" alt=\"\" width=\"1280\" height=\"853\" srcset=\"https:\/\/hausen-aulatal.de\/wp-content\/uploads\/2026\/03\/Donata75Geb10.03.2026-03osthessennews.png 1280w, https:\/\/hausen-aulatal.de\/wp-content\/uploads\/2026\/03\/Donata75Geb10.03.2026-03osthessennews-300x200.png 300w, https:\/\/hausen-aulatal.de\/wp-content\/uploads\/2026\/03\/Donata75Geb10.03.2026-03osthessennews-1024x682.png 1024w, https:\/\/hausen-aulatal.de\/wp-content\/uploads\/2026\/03\/Donata75Geb10.03.2026-03osthessennews-768x512.png 768w\" sizes=\"(max-width: 1280px) 100vw, 1280px\" \/><\/a><\/h6>\n<h6 class=\"img-text\"><strong>Schenck erhielt ein pers\u00f6nliches Schreiben mit Porzellan-Pr\u00e4sent von Minister &#8230;<\/strong><\/h6>\n<\/div>\n<\/div>\n<p><strong>Kontakte der Pr\u00e4sidentin reichen \u00fcber Hessen hinaus<\/strong><\/p>\n<p><span class=\"lp_is_start\">Ausdruck f\u00fcr ihr gro\u00dfes gesellschaftliches Engagement war nicht nur der vor Ort-Besuch vom Kasseler Regierungspr\u00e4sident Mark Weinmeister (CDU), dem hiesigen Landrat Winfried Becker (SPD) und DRK Hessen-Vizepr\u00e4sidentin Brigitte Wettengel zur rustikalen Geburtstagsparty in der Hofscheune, sondern auch ein pers\u00f6nliches Schreiben mit Porzellan-Pr\u00e4sent von Staatsminister Manfred Pentz (CDU), Hessischer Minister f\u00fcr Bundes- und Europaangelegenheiten sowie Entb\u00fcrokratisierung und Bevollm\u00e4chtigter des Landes Hessen beim Bund.<\/span><\/p>\n<p><a href=\"https:\/\/hausen-aulatal.de\/wp-content\/uploads\/2026\/03\/Donata75Geb10.03.2026-1-3osthessennews.png\"><img loading=\"lazy\" decoding=\"async\" class=\"alignnone size-full wp-image-29116\" src=\"https:\/\/hausen-aulatal.de\/wp-content\/uploads\/2026\/03\/Donata75Geb10.03.2026-1-3osthessennews.png\" alt=\"\" width=\"1316\" height=\"365\" srcset=\"https:\/\/hausen-aulatal.de\/wp-content\/uploads\/2026\/03\/Donata75Geb10.03.2026-1-3osthessennews.png 1316w, https:\/\/hausen-aulatal.de\/wp-content\/uploads\/2026\/03\/Donata75Geb10.03.2026-1-3osthessennews-300x83.png 300w, https:\/\/hausen-aulatal.de\/wp-content\/uploads\/2026\/03\/Donata75Geb10.03.2026-1-3osthessennews-1024x284.png 1024w, https:\/\/hausen-aulatal.de\/wp-content\/uploads\/2026\/03\/Donata75Geb10.03.2026-1-3osthessennews-768x213.png 768w\" sizes=\"(max-width: 1316px) 100vw, 1316px\" \/><\/a><\/p>\n<p><span class=\"lp_is_start\">Die Kontakte von Donata von Schenck reichen aber \u00fcber Hessen hinaus, denn bevor die Jubilarin Pr\u00e4sidentin beim DRK Fulda wurde, war sie von 2006 bis 2018 Vize-Pr\u00e4sidentin des Deutschen Roten Kreuzes. &#8222;Ich war gerne in Berlin, aber bin jetzt noch lieber in Fulda.&#8220; Neben den Offiziellen feierte sie nat\u00fcrlich mit ihrer Familie, allen voran ihrem Ehemann Hauprecht Freiherr Schenck zu Schweinsberg. <strong>In diesem Sinne: Happy Birthday, Frau Pr\u00e4sidentin!<\/strong> (Christian P. Stadtfeld)<\/span><\/p>\n<p><a href=\"https:\/\/osthessen-news.de\/n11790101\/happy-birthday-rotkreuz-prasidentin-donata-von-schenck-feiert-75-geburtstag.html#galerie-1\"><img loading=\"lazy\" decoding=\"async\" class=\"alignnone size-full wp-image-6655\" src=\"https:\/\/hausen-aulatal.de\/wp-content\/uploads\/2016\/10\/Fingertipp-e1662476797294.png\" alt=\"\" width=\"50\" height=\"37\" \/><\/a><a href=\"https:\/\/osthessen-news.de\/n11790101\/happy-birthday-rotkreuz-prasidentin-donata-von-schenck-feiert-75-geburtstag.html#galerie-1\"><em><strong> Bilder zum 75. Geburtstag<\/strong><\/em><\/a><\/p>\n<\/div>\n","protected":false},"excerpt":{"rendered":"<p>11.03.2026 OBERAULA Minister gratuliert aus Wiesbaden Happy Birthday! Donata Freifrau Schenck zu Schweinsberg hat am Dienstagabend ihren 75. Geburtstag gefeiert. &#8211; Fotos: Hendrik Urbin Happy Birthday! Rotkreuz-Pr\u00e4sidentin Donata von Schenck [&hellip;]<\/p>\n","protected":false},"author":3,"featured_media":0,"comment_status":"open","ping_status":"closed","sticky":false,"template":"","format":"standard","meta":{"_price":"","_stock":"","_tribe_ticket_header":"","_tribe_default_ticket_provider":"","_tribe_ticket_capacity":"0","_ticket_start_date":"","_ticket_end_date":"","_tribe_ticket_show_description":"","_tribe_ticket_show_not_going":false,"_tribe_ticket_use_global_stock":"","_tribe_ticket_global_stock_level":"","_global_stock_mode":"","_global_stock_cap":"","_tribe_rsvp_for_event":"","_tribe_ticket_going_count":"","_tribe_ticket_not_going_count":"","_tribe_tickets_list":"[]","_tribe_ticket_has_attendee_info_fields":false,"footnotes":""},"categories":[2],"tags":[],"_links":{"self":[{"href":"https:\/\/hausen-aulatal.de\/index.php?rest_route=\/wp\/v2\/posts\/29111"}],"collection":[{"href":"https:\/\/hausen-aulatal.de\/index.php?rest_route=\/wp\/v2\/posts"}],"about":[{"href":"https:\/\/hausen-aulatal.de\/index.php?rest_route=\/wp\/v2\/types\/post"}],"author":[{"embeddable":true,"href":"https:\/\/hausen-aulatal.de\/index.php?rest_route=\/wp\/v2\/users\/3"}],"replies":[{"embeddable":true,"href":"https:\/\/hausen-aulatal.de\/index.php?rest_route=%2Fwp%2Fv2%2Fcomments&post=29111"}],"version-history":[{"count":5,"href":"https:\/\/hausen-aulatal.de\/index.php?rest_route=\/wp\/v2\/posts\/29111\/revisions"}],"predecessor-version":[{"id":29121,"href":"https:\/\/hausen-aulatal.de\/index.php?rest_route=\/wp\/v2\/posts\/29111\/revisions\/29121"}],"wp:attachment":[{"href":"https:\/\/hausen-aulatal.de\/index.php?rest_route=%2Fwp%2Fv2%2Fmedia&parent=29111"}],"wp:term":[{"taxonomy":"category","embeddable":true,"href":"https:\/\/hausen-aulatal.de\/index.php?rest_route=%2Fwp%2Fv2%2Fcategories&post=29111"},{"taxonomy":"post_tag","embeddable":true,"href":"https:\/\/hausen-aulatal.de\/index.php?rest_route=%2Fwp%2Fv2%2Ftags&post=29111"}],"curies":[{"name":"wp","href":"https:\/\/api.w.org\/{rel}","templated":true}]}}