{"id":29411,"date":"2026-04-25T08:08:12","date_gmt":"2026-04-25T06:08:12","guid":{"rendered":"https:\/\/hausen-aulatal.de\/?p=29411"},"modified":"2026-04-25T08:09:24","modified_gmt":"2026-04-25T06:09:24","slug":"konstituierende-sitzung-der-gemeindevertretung","status":"publish","type":"post","link":"https:\/\/hausen-aulatal.de\/?p=29411","title":{"rendered":"Konstituierende Sitzung der Gemeindevertretung"},"content":{"rendered":"<div>\n<div>\n<h3>Sehr geehrte Damen und Herren,<\/h3>\n<\/div>\n<\/div>\n<div class=\"row\">\n<div class=\"col-md-12\">\n<p>zur konstituierenden Sitzung der Gemeindevertretung lade ich Sie f\u00fcr<\/p>\n<h3 style=\"text-align: center;\"><strong>Montag, 27. April 2026 um 19:30 Uhr<\/strong><\/h3>\n<p>in das Dorfgemeinschaftshaus &#8222;Aulablick&#8220; Wahlshausen mit nachstehender Tagesordnung ein.<\/p>\n<p>Mit freundlichen Gr\u00fc\u00dfen<\/p>\n<h5>Klaus Wagner<\/h5>\n<h5>B\u00fcrgermeister<\/h5>\n<h4 class=\"vred-strict\"><strong>Tagesordnung:<\/strong><\/h4>\n<\/div>\n<p>1. Er\u00f6ffnung der Sitzung durch den B\u00fcrgermeister<\/p>\n<p>2. Feststellung des Mitgliedes mit der l\u00e4ngsten Dauer der Zugeh\u00f6rigkeit zur Gemeindevertretung<\/p>\n<p>3. Feststellung der Beschlussf\u00e4higkeit<\/p>\n<p>4. Wahl des oder der Vorsitzenden der Gemeindevertretung<\/p>\n<p>5. Wahl des oder der Stellvertreterinnen bzw. Stellvertreter der oder des Vorsitzenden der Gemeindevertretung<\/p>\n<p>6. Festlegung der Reihenfolge der Vertretung des oder der Vorsitzenden der Gemeindevertretung<\/p>\n<p>7. Wahl der Schriftf\u00fchrerin bzw. des Schriftf\u00fchrers und ihrer oder seiner Stellvertreterinnen bzw. Stellvertreter<\/p>\n<p>8. Entscheidung \u00fcber die G\u00fcltigkeit der Wahl der Gemeindevertretung sowie \u00fcber Einspr\u00fcche nach \u00a7 25 des Kommunalwahlgesetzes (KWG)<\/p>\n<p>9. Entscheidung \u00fcber die G\u00fcltigkeit der Wahl der Ortsbeir\u00e4te sowie \u00fcber Einspr\u00fcche nach \u00a7 25 des Kommunalwahlgesetzes (KWG)<\/p>\n<p>10. Wahl, Einf\u00fchrung, Verpflichtung und Vereidigung der ehrenamtlichen Beigeordneten<\/p>\n<p>11. Feststellungen des Gemeindewahlleiters \u00fcber das Ausscheiden und Nachr\u00fccken von Mitgliedern der Gemeindevertretung<\/p>\n<p>12. Wahl der Ausschussmitglieder oder Beschluss \u00fcber das Bilden der Aussch\u00fcsse im Benennungsverfahren<\/p>\n<p>13. Wahl eines Mitgliedes und eines stellvertretenden Mitgliedes f\u00fcr die Verbandsversammlung des Zweckverbandes &#8222;Abfallwirtschaft Schwalm-Eder-Kreis&#8220;<\/p>\n<p>14. Wahl eines Mitgliedes und eines stellvertretenden Mitgliedes f\u00fcr die Verbandsversammlung der ekom21 &#8211; KGRZ Hessen<\/p>\n<p>15. Wahl eines Mitgliedes und eines stellvertretenden Mitgliedes f\u00fcr die Verbandsversammlung des Zweckverbandes Kn\u00fcllgebiet<\/p>\n<p>16. Wahl der Mitglieder und der stellvertretenden Mitglieder f\u00fcr die Verbandsversammlung des Gemeindeverwaltungsverbandes &#8222;S\u00fcdlicher Kn\u00fcll&#8220;<\/p>\n<p>17. Wahl eines Mitgliedes und eines stellvertretenden Mitgliedes f\u00fcr den Vorstand des Gemeindeverwaltungsverbandes &#8222;S\u00fcdlicher Kn\u00fcll&#8220;<\/p>\n<p>18. Mitteilungen des Gemeindevorstandes und Anfragen<\/p>\n<\/div>\n","protected":false},"excerpt":{"rendered":"<p>Sehr geehrte Damen und Herren, zur konstituierenden Sitzung der Gemeindevertretung lade ich Sie f\u00fcr Montag, 27. April 2026 um 19:30 Uhr in das Dorfgemeinschaftshaus &#8222;Aulablick&#8220; Wahlshausen mit nachstehender Tagesordnung ein. [&hellip;]<\/p>\n","protected":false},"author":3,"featured_media":0,"comment_status":"open","ping_status":"closed","sticky":false,"template":"","format":"standard","meta":{"_price":"","_stock":"","_tribe_ticket_header":"","_tribe_default_ticket_provider":"","_tribe_ticket_capacity":"0","_ticket_start_date":"","_ticket_end_date":"","_tribe_ticket_show_description":"","_tribe_ticket_show_not_going":false,"_tribe_ticket_use_global_stock":"","_tribe_ticket_global_stock_level":"","_global_stock_mode":"","_global_stock_cap":"","_tribe_rsvp_for_event":"","_tribe_ticket_going_count":"","_tribe_ticket_not_going_count":"","_tribe_tickets_list":"[]","_tribe_ticket_has_attendee_info_fields":false,"footnotes":""},"categories":[2],"tags":[],"_links":{"self":[{"href":"https:\/\/hausen-aulatal.de\/index.php?rest_route=\/wp\/v2\/posts\/29411"}],"collection":[{"href":"https:\/\/hausen-aulatal.de\/index.php?rest_route=\/wp\/v2\/posts"}],"about":[{"href":"https:\/\/hausen-aulatal.de\/index.php?rest_route=\/wp\/v2\/types\/post"}],"author":[{"embeddable":true,"href":"https:\/\/hausen-aulatal.de\/index.php?rest_route=\/wp\/v2\/users\/3"}],"replies":[{"embeddable":true,"href":"https:\/\/hausen-aulatal.de\/index.php?rest_route=%2Fwp%2Fv2%2Fcomments&post=29411"}],"version-history":[{"count":2,"href":"https:\/\/hausen-aulatal.de\/index.php?rest_route=\/wp\/v2\/posts\/29411\/revisions"}],"predecessor-version":[{"id":29413,"href":"https:\/\/hausen-aulatal.de\/index.php?rest_route=\/wp\/v2\/posts\/29411\/revisions\/29413"}],"wp:attachment":[{"href":"https:\/\/hausen-aulatal.de\/index.php?rest_route=%2Fwp%2Fv2%2Fmedia&parent=29411"}],"wp:term":[{"taxonomy":"category","embeddable":true,"href":"https:\/\/hausen-aulatal.de\/index.php?rest_route=%2Fwp%2Fv2%2Fcategories&post=29411"},{"taxonomy":"post_tag","embeddable":true,"href":"https:\/\/hausen-aulatal.de\/index.php?rest_route=%2Fwp%2Fv2%2Ftags&post=29411"}],"curies":[{"name":"wp","href":"https:\/\/api.w.org\/{rel}","templated":true}]}}