{"id":29425,"date":"2026-04-27T08:30:03","date_gmt":"2026-04-27T06:30:03","guid":{"rendered":"https:\/\/hausen-aulatal.de\/?p=29425"},"modified":"2026-04-27T08:30:03","modified_gmt":"2026-04-27T06:30:03","slug":"stadtradeln-2026","status":"publish","type":"post","link":"https:\/\/hausen-aulatal.de\/?p=29425","title":{"rendered":"STADTRADELN 2026"},"content":{"rendered":"<p><span style=\"font-family: 'Roboto Slab'; font-size: 36px;\">Der Schwalm-Eder-Kreis tritt wieder in die Pedale<\/span><\/p>\n<p>Beim STADTRADELN 2026 <span dir=\"ltr\">vom 31. Mai bis 20. Juni 2026<\/span> sind B\u00fcrgerinnen und B\u00fcrger im Schwalm-Eder-Kreis erneut gefragt, m\u00f6glichst viele Alltagswege mit dem Fahrrad zur\u00fcckzulegen. 21 Kommunen, darunter erstmals auch Oberaula, machen mit und zeigen, wie klimafreundliche Mobilit\u00e4t im Alltag funktionieren kann.<\/p>\n<p><span dir=\"ltr\">Vom 31. Mai bis 20. Juni 2026<\/span> hei\u00dft es im Schwalm-Eder-Kreis wieder: rauf aufs Rad und Kilometer sammeln. Beim STADTRADELN geht es darum, m\u00f6glichst viele Alltagswege klimafreundlich mit dem Fahrrad zur\u00fcckzulegen: ob zur Arbeit, zum Einkaufen oder in der Freizeit. Die Aktion leistet damit einen konkreten Beitrag zum Klimaschutz und unterst\u00fctzt die Ziele des Schwalm-Eder-Kreises, nachhaltige Mobilit\u00e4t im Alltag zu st\u00e4rken.<\/p>\n<p>In diesem Jahr radeln 21 St\u00e4dte und Gemeinden gemeinsam im kreisweiten Aktions-zeitraum und setzen damit ein starkes Zeichen f\u00fcr den Radverkehr im l\u00e4ndlichen Raum.<\/p>\n<p>Landrat Winfried Becker betont: \u201eDie gro\u00dfe Beteiligung zeigt, dass der Radverkehr im Schwalm-Eder-Kreis zunehmend an Bedeutung gewinnt. STADTRADELN bringt Menschen zusammen und motiviert dazu, das Fahrrad ganz selbstverst\u00e4ndlich im Alltag zu nutzen.\u201c<\/p>\n<p>Der Auftakt findet <span dir=\"ltr\">am Sonntag, 31. Mai 2026, um 14 Uhr<\/span> auf dem Marktplatz in Homberg (Efze) statt und wird von einem Fahrradsegen begleitet.<\/p>\n<p>Die Anmeldung f\u00fcr Teams und Teilnehmende ist ab sofort m\u00f6glich. Mitmachen kann jeder: Einfach auf <span dir=\"ltr\">STADTRADELN.de<\/span> registrieren, die eigene Kommune aus-w\u00e4hlen, ein Team gr\u00fcnden oder einem bestehenden Team beitreten und losradeln. Die gefahrenen Kilometer werden \u00fcber die App oder online erfasst.<\/p>\n<p>Ob alleine, im Team, mit Familie oder Kolleginnen und Kollegen \u2013 jeder Kilometer z\u00e4hlt und tr\u00e4gt dazu bei, den Klimaschutz zu st\u00e4rken und die St\u00e4dte und Gemeinden im Schwalm-Eder-Kreis lebenswerter zu machen.<\/p>\n<p>Auch Nahmobilit\u00e4tskoordinator Stefan Cichosz sieht in der Aktion gro\u00dfes Potenzial: \u201eSTADTRADELN ist eine einfache M\u00f6glichkeit, das eigene Mobilit\u00e4tsverhalten zu hinterfragen. Viele merken schon nach wenigen Tagen, wie gut sich Wege im Alltag mit dem Fahrrad zur\u00fccklegen lassen.\u201c<\/p>\n<p>Attraktive Preise werden unter anderem f\u00fcr besonders aktive Kommunen, Teams sowie regelm\u00e4\u00dfiges Alltagsradeln vergeben. Die Preisverleihung findet am 13. September 2026 statt. Die Preistr\u00e4gerinnen und Preistr\u00e4ger werden vorab benachrichtigt.<\/p>\n","protected":false},"excerpt":{"rendered":"<p>Der Schwalm-Eder-Kreis tritt wieder in die Pedale Beim STADTRADELN 2026 vom 31. Mai bis 20. Juni 2026 sind B\u00fcrgerinnen und B\u00fcrger im Schwalm-Eder-Kreis erneut gefragt, m\u00f6glichst viele Alltagswege mit dem [&hellip;]<\/p>\n","protected":false},"author":3,"featured_media":0,"comment_status":"open","ping_status":"closed","sticky":false,"template":"","format":"standard","meta":{"_price":"","_stock":"","_tribe_ticket_header":"","_tribe_default_ticket_provider":"","_tribe_ticket_capacity":"0","_ticket_start_date":"","_ticket_end_date":"","_tribe_ticket_show_description":"","_tribe_ticket_show_not_going":false,"_tribe_ticket_use_global_stock":"","_tribe_ticket_global_stock_level":"","_global_stock_mode":"","_global_stock_cap":"","_tribe_rsvp_for_event":"","_tribe_ticket_going_count":"","_tribe_ticket_not_going_count":"","_tribe_tickets_list":"[]","_tribe_ticket_has_attendee_info_fields":false,"footnotes":""},"categories":[2],"tags":[],"_links":{"self":[{"href":"https:\/\/hausen-aulatal.de\/index.php?rest_route=\/wp\/v2\/posts\/29425"}],"collection":[{"href":"https:\/\/hausen-aulatal.de\/index.php?rest_route=\/wp\/v2\/posts"}],"about":[{"href":"https:\/\/hausen-aulatal.de\/index.php?rest_route=\/wp\/v2\/types\/post"}],"author":[{"embeddable":true,"href":"https:\/\/hausen-aulatal.de\/index.php?rest_route=\/wp\/v2\/users\/3"}],"replies":[{"embeddable":true,"href":"https:\/\/hausen-aulatal.de\/index.php?rest_route=%2Fwp%2Fv2%2Fcomments&post=29425"}],"version-history":[{"count":4,"href":"https:\/\/hausen-aulatal.de\/index.php?rest_route=\/wp\/v2\/posts\/29425\/revisions"}],"predecessor-version":[{"id":29429,"href":"https:\/\/hausen-aulatal.de\/index.php?rest_route=\/wp\/v2\/posts\/29425\/revisions\/29429"}],"wp:attachment":[{"href":"https:\/\/hausen-aulatal.de\/index.php?rest_route=%2Fwp%2Fv2%2Fmedia&parent=29425"}],"wp:term":[{"taxonomy":"category","embeddable":true,"href":"https:\/\/hausen-aulatal.de\/index.php?rest_route=%2Fwp%2Fv2%2Fcategories&post=29425"},{"taxonomy":"post_tag","embeddable":true,"href":"https:\/\/hausen-aulatal.de\/index.php?rest_route=%2Fwp%2Fv2%2Ftags&post=29425"}],"curies":[{"name":"wp","href":"https:\/\/api.w.org\/{rel}","templated":true}]}}