{"id":3100,"date":"2014-08-22T10:04:46","date_gmt":"2014-08-22T08:04:46","guid":{"rendered":"http:\/\/hausen-aulatal.de\/?p=3100"},"modified":"2014-09-09T12:25:12","modified_gmt":"2014-09-09T10:25:12","slug":"protokoll-der-ortstbeiratssitzung-vom-24-06-2014","status":"publish","type":"post","link":"https:\/\/hausen-aulatal.de\/?p=3100","title":{"rendered":"Protokoll der Ortstbeiratssitzung vom 24.06.2014"},"content":{"rendered":"<div>\n<h1 align=\"center\"><b>Niederschrift \u00fcber die Sitzung <\/b><\/h1>\n<h1 align=\"center\"><b>des Ortsbeirates Hausen am <\/b><b>24.06.2014<\/b><\/h1>\n<\/div>\n<p>&nbsp;<\/p>\n<p><b><span style=\"text-decoration: underline;\">Anwesende:<\/span><\/b><\/p>\n<table border=\"0\" cellspacing=\"0\" cellpadding=\"0\">\n<tbody>\n<tr>\n<td valign=\"top\" width=\"329\"><span style=\"text-decoration: underline;\">vom Ortsbeirat:<\/span><\/td>\n<td valign=\"top\" width=\"324\"><span style=\"text-decoration: underline;\">Es fehlten entschuldigt:<\/span><\/td>\n<\/tr>\n<tr>\n<td valign=\"top\" width=\"329\">J\u00f6rg AlbertJ\u00fcrgen Eckhardt<\/p>\n<p>Barbara Pollok<\/p>\n<p>Herbert Heinisch<\/p>\n<p>&nbsp;<\/p>\n<p><b><span style=\"text-decoration: underline;\">G\u00e4ste:<\/span><\/b><\/p>\n<p>-keine<\/td>\n<td valign=\"top\" width=\"324\">J\u00fcrgen HahlAlexander Erler<\/p>\n<p>B\u00e4rbel Hellwig<\/td>\n<\/tr>\n<tr>\n<td valign=\"top\" width=\"329\"><\/td>\n<td valign=\"top\" width=\"324\"><\/td>\n<\/tr>\n<\/tbody>\n<\/table>\n<p>Die Mitglieder des Ortsbeirates Hausen, waren durch Einladung des Vorsitzenden am 13.06.2014 unter Angabe der Beratungsgegenst\u00e4nde (siehe Tagesordnung), der Zeit (20:00 Uhr) und des Ortes der Versammlung (Karl-Dippoldsmann-Haus in Hausen) zu einer Sitzung einberufen.<\/p>\n<p>Da von 7 Mitgliedern des Ortsbeirates 4 Mitglieder anwesend waren, war die Versammlung beschlussf\u00e4hig.<\/p>\n<p>Der Vorsitzende stellte bei Er\u00f6ffnung der Sitzung fest, dass gegen die ordnungsgem\u00e4\u00dfe Einberufung keine Einwendungen erhoben wurden.<\/p>\n<p><b><span style=\"text-decoration: underline;\">Tagesordnungspunkt 1:<\/span><\/b><b>\u00a0 <\/b><\/p>\n<p><b>Ortsbegehung mit Festlegung<\/b><\/p>\n<p><b> &#8211;\u00a0\u00a0 \u00a0 \u00a0 a. Abzusenkende B\u00fcrgersteige <\/b><\/p>\n<p>&#8211;\u00a0\u00a0\u00a0\u00a0\u00a0\u00a0\u00a0 <b>b. Inner\u00f6rtliche Beschilderung<\/b><\/p>\n<p>&#8211;\u00a0\u00a0\u00a0\u00a0\u00a0\u00a0\u00a0 <b>c. Standort Infotafel <\/b><\/p>\n<p>&#8211;\u00a0\u00a0\u00a0\u00a0\u00a0\u00a0\u00a0 <b>d. Stra\u00dfensch\u00e4den<\/b><\/p>\n<p>a.) es wurde festgestellt, dass an den Einm\u00fcndungen der Aulastrasse in den \u201eHainweg\u201c und den \u201eLerchenweg\u201c noch keine Bordsteinabsenkungen zwecks Befahrbarkeit mit Rollst\u00fchlen bzw. Rollatoren, sowie Kinderwaagen vorhanden sind. Der OV stellte fest, dass das Bauamt hiervon unterrichtet wurde und die Ausf\u00fchrungen der Arbeiten durch die Gemeinde einplanen wird.<\/p>\n<p>b.) Hausen hat entgegen anderer Ortsteile schon eine abschlie\u00dfende Planung vorgelegt. Erst wenn die Komplettmeldung seitens aller Ortsteile vorliegt, soll durch die Gemeinde eine Sammelbestellung f\u00fcr alle Ortsteile erfolgen.<\/p>\n<p>c.)\u00a0\u00a0\u00a0 Die Infotafel soll nach eingehender Er\u00f6rterung an der Kopfseite der Buswartehalle in der Ortsmitte stra\u00dfenseitig erfolgen. Ein entsprechender Rahmen wurde bereits bestellt. Die Anbringung erfolgt kurzfristig in Eigenleistung.<\/p>\n<p>d.)<b>\u00a0\u00a0 <\/b>Der Ortsbeirat stellt fest, dass Mitteilungen an die Gemeinde \u00fcber bestehende Strassensch\u00e4den eher untergeordnet behandelt werden. Es wird deshalb angeregt, dass sich die betroffenen Grundst\u00fcckseigent\u00fcmer bzw. Stra\u00dfenanlieger direkt an die Gemeinde wenden sollen.<\/p>\n<p><b><span style=\"text-decoration: underline;\">Tagesordnungspunkt 2:<\/span><\/b><b>\u00a0 Kaufantrag Herr Plichta<\/b><\/p>\n<p>Der Grundst\u00fccks-Kaufantrag von Herrn Andreas Plichta wird einstimmig bef\u00fcrwortet.<\/p>\n<p><b><span style=\"text-decoration: underline;\">Tagesordnungspunkt 3:<\/span><\/b><b> Informationen und Verschiedenes<\/b><\/p>\n<p>1.)\u00a0\u00a0 Die beantragte Erneuerung der Schlie\u00dfanlage f\u00fcr das DGH wurde aufgrund fehlender Haushaltsmittel f\u00fcr 2014 nicht genehmigt. Die Kosten in H\u00f6he von ca. 1000,&#8211; Euro werden nun f\u00fcr 2015 eingeplant.<\/p>\n<p>2.)\u00a0\u00a0 Die Bestuhlung im DGH besteht derzeit aus 150 St\u00fchlen und 20 Tischen. Demnach fehlen 5 Tische, deren Verbleib in den letzten Monaten nicht festgestellt werden konnte. Der Ortsbeirat beantragt deshalb bei den Gemeindegremien die Ersatzbeschaffung von 5 Tischen f\u00fcr das DGH Hausen.<\/p>\n<p>3.)\u00a0\u00a0 Das M\u00e4hen des Spielplatzes im \u201eNeubaugebiet\u201c wird zuk\u00fcnftig durch die Herren Karl-Heinz Hellwig und Winfried Reichelt, der auch den Friedhof und beim Kindergarten m\u00e4ht, gew\u00e4hrleistet. Den beiden Herren wird hiermit ein herzlicher Dank ausgesprochen.<\/p>\n<p>4.)\u00a0\u00a0 Sachstandsbericht:<\/p>\n<p>a.) Die T\u00fcrbeschl\u00e4ge an der Nebeneingangst\u00fcr des DGH wurden erneuert bzw.<\/p>\n<p>instandgesetzt.<\/p>\n<p>b.) Die Zufahrt\/Der Zugang zum DGH \u00fcber den behindertengerechten Eingang<\/p>\n<p>wurde durch die Gemeinde mit einer wassergebundenen Deckschicht her-<\/p>\n<p>gestellt.<\/p>\n<p>c.) Im Heizungsraum des DGH wurde die fehlende feuerhemmende T\u00fcr eingebaut<\/p>\n<p>und ebenfalls das L\u00fcftungsgitter unter dem Treppenaufgang installiert.<\/p>\n<p>d.) der B\u00fcrgersteig vor dem DGH wurde behindertengerecht abgesenkt.<\/p>\n<p>e.) wegen der 2. Wasserstelle auf dem Friedhof soll noch mal mit Karl Ickler<\/p>\n<p>gesprochen werden, da der zu verwendende Wassertrog bereits seit 4 Monaten<\/p>\n<p>auf dem Friedhof bereit steht.<\/p>\n<p>5.)\u00a0\u00a0 Die n\u00e4chste Sitzung findet am 23.September 2014 um 20:00 Uhr im DGH statt, vorher steht B\u00fcrgermeister Wagner ab 19:00 Uhr zur B\u00fcrgersprechstunde den Hausenern f\u00fcr Fragen zur Verf\u00fcgung.<\/p>\n<p>Ende der Sitzung: 21.00 Uhr<\/p>\n<p>gez.<\/p>\n<p>Herbert Heinisch\u00a0\u00a0\u00a0\u00a0\u00a0\u00a0\u00a0\u00a0\u00a0\u00a0\u00a0\u00a0\u00a0\u00a0\u00a0\u00a0\u00a0\u00a0\u00a0\u00a0\u00a0\u00a0\u00a0\u00a0\u00a0\u00a0\u00a0\u00a0\u00a0\u00a0\u00a0\u00a0\u00a0\u00a0\u00a0\u00a0\u00a0\u00a0\u00a0\u00a0\u00a0\u00a0\u00a0\u00a0\u00a0\u00a0\u00a0\u00a0\u00a0\u00a0\u00a0\u00a0\u00a0\u00a0\u00a0\u00a0\u00a0\u00a0\u00a0\u00a0\u00a0\u00a0\u00a0 J\u00f6rg Albert<\/p>\n<p>(stellv. Schriftf\u00fchrer)\u00a0\u00a0\u00a0\u00a0\u00a0\u00a0\u00a0\u00a0\u00a0\u00a0\u00a0\u00a0\u00a0\u00a0\u00a0\u00a0\u00a0\u00a0\u00a0\u00a0\u00a0\u00a0\u00a0\u00a0\u00a0\u00a0\u00a0\u00a0\u00a0\u00a0\u00a0\u00a0\u00a0\u00a0\u00a0\u00a0\u00a0\u00a0\u00a0\u00a0\u00a0\u00a0\u00a0\u00a0\u00a0\u00a0\u00a0\u00a0\u00a0\u00a0\u00a0\u00a0\u00a0\u00a0\u00a0\u00a0\u00a0 (Vorsitzender)<\/p>\n","protected":false},"excerpt":{"rendered":"<p>Niederschrift \u00fcber die Sitzung des Ortsbeirates Hausen am 24.06.2014 &nbsp; Anwesende: vom Ortsbeirat: Es fehlten entschuldigt: J\u00f6rg AlbertJ\u00fcrgen Eckhardt Barbara Pollok Herbert Heinisch &nbsp; G\u00e4ste: -keine J\u00fcrgen HahlAlexander Erler B\u00e4rbel [&hellip;]<\/p>\n","protected":false},"author":2,"featured_media":0,"comment_status":"closed","ping_status":"closed","sticky":false,"template":"","format":"standard","meta":{"_price":"","_stock":"","_tribe_ticket_header":"","_tribe_default_ticket_provider":"","_tribe_ticket_capacity":"0","_ticket_start_date":"","_ticket_end_date":"","_tribe_ticket_show_description":"","_tribe_ticket_show_not_going":false,"_tribe_ticket_use_global_stock":"","_tribe_ticket_global_stock_level":"","_global_stock_mode":"","_global_stock_cap":"","_tribe_rsvp_for_event":"","_tribe_ticket_going_count":"","_tribe_ticket_not_going_count":"","_tribe_tickets_list":"[]","_tribe_ticket_has_attendee_info_fields":false,"footnotes":""},"categories":[2,11],"tags":[],"_links":{"self":[{"href":"https:\/\/hausen-aulatal.de\/index.php?rest_route=\/wp\/v2\/posts\/3100"}],"collection":[{"href":"https:\/\/hausen-aulatal.de\/index.php?rest_route=\/wp\/v2\/posts"}],"about":[{"href":"https:\/\/hausen-aulatal.de\/index.php?rest_route=\/wp\/v2\/types\/post"}],"author":[{"embeddable":true,"href":"https:\/\/hausen-aulatal.de\/index.php?rest_route=\/wp\/v2\/users\/2"}],"replies":[{"embeddable":true,"href":"https:\/\/hausen-aulatal.de\/index.php?rest_route=%2Fwp%2Fv2%2Fcomments&post=3100"}],"version-history":[{"count":3,"href":"https:\/\/hausen-aulatal.de\/index.php?rest_route=\/wp\/v2\/posts\/3100\/revisions"}],"predecessor-version":[{"id":3121,"href":"https:\/\/hausen-aulatal.de\/index.php?rest_route=\/wp\/v2\/posts\/3100\/revisions\/3121"}],"wp:attachment":[{"href":"https:\/\/hausen-aulatal.de\/index.php?rest_route=%2Fwp%2Fv2%2Fmedia&parent=3100"}],"wp:term":[{"taxonomy":"category","embeddable":true,"href":"https:\/\/hausen-aulatal.de\/index.php?rest_route=%2Fwp%2Fv2%2Fcategories&post=3100"},{"taxonomy":"post_tag","embeddable":true,"href":"https:\/\/hausen-aulatal.de\/index.php?rest_route=%2Fwp%2Fv2%2Ftags&post=3100"}],"curies":[{"name":"wp","href":"https:\/\/api.w.org\/{rel}","templated":true}]}}