{"id":3149,"date":"2014-09-08T09:33:12","date_gmt":"2014-09-08T07:33:12","guid":{"rendered":"http:\/\/hausen-aulatal.de\/?p=3149"},"modified":"2014-09-28T14:16:54","modified_gmt":"2014-09-28T12:16:54","slug":"buergermeistersprechstunde-und-ortsbeiratssitzung-am-23-09-2014","status":"publish","type":"post","link":"https:\/\/hausen-aulatal.de\/?p=3149","title":{"rendered":"B\u00fcrgermeistersprechstunde und Ortsbeiratssitzung am 23.09.2014"},"content":{"rendered":"<p><strong>B\u00fcrgermeister Wagner h\u00f6rt zu<\/strong><br \/>\n<strong><\/strong><strong>B\u00fcrgersprechstunde in Hausen<\/strong><br \/>\n<strong><\/strong>Zur n\u00e4chsten B\u00fcrgersprechstunde l\u00e4dt B\u00fcrgermeister Wagner interessierte B\u00fcrgerinnen und B\u00fcrger aus dem Ortsteil Hausen, am Dienstag, 23. September 2014, in der Zeit von 19.00 bis 20.00 Uhr in das Dorfgemeinschaftshaus in Hausen ein.<br \/>\n<strong><\/strong>Damit m\u00f6chte er den Einwohnern von Hausen die Gelegenheit geben, ihre Anregungen sowie ihre Sorgen und N\u00f6te in entspannter Atmosph\u00e4re weiterzugeben und informelle Gespr\u00e4che mit dem B\u00fcrgermeister zu f\u00fchren.<br \/>\n<strong><\/strong>Mit dieser Sprechstunde setzt Klaus Wagner die bereits in den Vorjahren begonnenen Termine in allen Ortsteilen der Gemeinde fort.<br \/>\n<strong><\/strong>Im Anschluss an die B\u00fcrgersprechstunde findet eine Sitzung des Ortsbeirates Hausen, ebenfalls im DGH, statt. Interessierte B\u00fcrgerinnen und B\u00fcrger sind auch dazu als G\u00e4ste stets willkommen.<br \/>\n<strong><\/strong>Die n\u00e4chsten Termine der B\u00fcrgersprechstunden werden rechtzeitig bekannt gegeben.<\/p>\n<p>_________________________________________________________________________________________________________________________<\/p>\n<p>An die<\/p>\n<p>Mitglieder des<\/p>\n<p><b>Ortsbeirates Hausen<\/b><\/p>\n<p>&nbsp;<\/p>\n<p>Sehr geehrte Damen und Herren,<\/p>\n<p>zu einer \u00f6ffentlichen Sitzung des Ortsbeirates lade ich Sie f\u00fcr<\/p>\n<p align=\"center\">\u00a0<b>Dienstag, den 23.09.2014 um 20.00 Uhr<\/b><\/p>\n<p align=\"center\"><b>in das Karl-Dippoldsmann-Haus in Hausen<\/b><\/p>\n<p>mit nachstehender Tagesordnung ein.<\/p>\n<p>Mit freundlichen Gr\u00fc\u00dfen<\/p>\n<p>gez: Albert<\/p>\n<p>Ortsvorsteher<\/p>\n<p><b><span style=\"text-decoration: underline;\">Tagesordnung:<\/span><\/b><\/p>\n<ol>\n<li>Aufstellen eines B\u00fcrocontainers am Kindergarten \u201eSonnenschein\u201c<\/li>\n<li>Planung Arbeitseinsatz am 27.09.2014<\/li>\n<li>Themen f\u00fcr das Ortsvorstehertreffen am 29.09.2014<\/li>\n<li>Sachstandsbericht und Anfragen f\u00fcr nicht erledigte Antr\u00e4ge an die Gemeinde.<\/li>\n<li>Informationen und Verschiedenes<\/li>\n<\/ol>\n","protected":false},"excerpt":{"rendered":"<p>B\u00fcrgermeister Wagner h\u00f6rt zu B\u00fcrgersprechstunde in Hausen Zur n\u00e4chsten B\u00fcrgersprechstunde l\u00e4dt B\u00fcrgermeister Wagner interessierte B\u00fcrgerinnen und B\u00fcrger aus dem Ortsteil Hausen, am Dienstag, 23. September 2014, in der Zeit von [&hellip;]<\/p>\n","protected":false},"author":2,"featured_media":0,"comment_status":"closed","ping_status":"closed","sticky":false,"template":"","format":"standard","meta":{"_price":"","_stock":"","_tribe_ticket_header":"","_tribe_default_ticket_provider":"","_tribe_ticket_capacity":"0","_ticket_start_date":"","_ticket_end_date":"","_tribe_ticket_show_description":"","_tribe_ticket_show_not_going":false,"_tribe_ticket_use_global_stock":"","_tribe_ticket_global_stock_level":"","_global_stock_mode":"","_global_stock_cap":"","_tribe_rsvp_for_event":"","_tribe_ticket_going_count":"","_tribe_ticket_not_going_count":"","_tribe_tickets_list":"[]","_tribe_ticket_has_attendee_info_fields":false,"footnotes":""},"categories":[2,11],"tags":[],"_links":{"self":[{"href":"https:\/\/hausen-aulatal.de\/index.php?rest_route=\/wp\/v2\/posts\/3149"}],"collection":[{"href":"https:\/\/hausen-aulatal.de\/index.php?rest_route=\/wp\/v2\/posts"}],"about":[{"href":"https:\/\/hausen-aulatal.de\/index.php?rest_route=\/wp\/v2\/types\/post"}],"author":[{"embeddable":true,"href":"https:\/\/hausen-aulatal.de\/index.php?rest_route=\/wp\/v2\/users\/2"}],"replies":[{"embeddable":true,"href":"https:\/\/hausen-aulatal.de\/index.php?rest_route=%2Fwp%2Fv2%2Fcomments&post=3149"}],"version-history":[{"count":2,"href":"https:\/\/hausen-aulatal.de\/index.php?rest_route=\/wp\/v2\/posts\/3149\/revisions"}],"predecessor-version":[{"id":3151,"href":"https:\/\/hausen-aulatal.de\/index.php?rest_route=\/wp\/v2\/posts\/3149\/revisions\/3151"}],"wp:attachment":[{"href":"https:\/\/hausen-aulatal.de\/index.php?rest_route=%2Fwp%2Fv2%2Fmedia&parent=3149"}],"wp:term":[{"taxonomy":"category","embeddable":true,"href":"https:\/\/hausen-aulatal.de\/index.php?rest_route=%2Fwp%2Fv2%2Fcategories&post=3149"},{"taxonomy":"post_tag","embeddable":true,"href":"https:\/\/hausen-aulatal.de\/index.php?rest_route=%2Fwp%2Fv2%2Ftags&post=3149"}],"curies":[{"name":"wp","href":"https:\/\/api.w.org\/{rel}","templated":true}]}}