{"id":3183,"date":"2014-09-28T14:31:27","date_gmt":"2014-09-28T12:31:27","guid":{"rendered":"http:\/\/hausen-aulatal.de\/?p=3183"},"modified":"2014-09-28T14:31:27","modified_gmt":"2014-09-28T12:31:27","slug":"protokoll-der-ortsbeiratssitzung-vom-23-09-2014","status":"publish","type":"post","link":"https:\/\/hausen-aulatal.de\/?p=3183","title":{"rendered":"Protokoll der Ortsbeiratssitzung vom 23.09.2014"},"content":{"rendered":"<div>\n<h1 align=\"center\"><b>Niederschrift \u00fcber die Sitzung <\/b><\/h1>\n<h1 align=\"center\"><b>des Ortsbeirates Hausen am 23.09.2014<\/b><\/h1>\n<\/div>\n<p><b><span style=\"text-decoration: underline;\">Anwesende:<\/span><\/b><\/p>\n<table border=\"1\" cellspacing=\"0\" cellpadding=\"0\">\n<tbody>\n<tr>\n<td valign=\"top\" width=\"329\"><span style=\"text-decoration: underline;\">vom Ortsbeirat:<\/span><\/td>\n<td valign=\"top\" width=\"324\"><span style=\"text-decoration: underline;\">Es fehlten entschuldigt:<\/span><\/td>\n<\/tr>\n<tr>\n<td valign=\"top\" width=\"329\">J\u00f6rg Albert<\/p>\n<p>J\u00fcrgen Eckhardt<\/p>\n<p>Alexander Erler<\/p>\n<p>J\u00fcrgen Hahl<\/p>\n<p>Herbert Heinisch<\/p>\n<p>Barbara Pollock<\/td>\n<td valign=\"top\" width=\"324\">B\u00e4rbel Hellwig<\/p>\n<p>&nbsp;<\/p>\n<p><span style=\"text-decoration: underline;\">G\u00e4ste:<\/span><\/p>\n<p>B\u00fcrgermeister Klaus Wagner<\/td>\n<\/tr>\n<tr>\n<td valign=\"top\" width=\"329\"><\/td>\n<td valign=\"top\" width=\"324\">&nbsp;<\/td>\n<\/tr>\n<\/tbody>\n<\/table>\n<p>Die Mitglieder des Ortsbeirates Hausen, waren durch Einladung des Vorsitzenden am 12.09.2014 unter Angabe der Beratungsgegenst\u00e4nde (siehe Tagesordnung), der Zeit (20.00 Uhr) und des Ortes der Versammlung (Karl-Dippoldsmann-Haus) zu einer Sitzung einberufen.<\/p>\n<p>Da von 7 Mitgliedern des Ortsbeirates 6 Mitglieder\u00a0anwesend waren, war die Versammlung beschlussf\u00e4hig.<\/p>\n<p>Der Vorsitzende stellte bei Er\u00f6ffnung der Sitzung fest, dass gegen die ordnungsgem\u00e4\u00dfe Einberufung keine Einwendungen erhoben wurden.<\/p>\n<p><b><span style=\"text-decoration: underline;\">Tagesordnungspunkt 1:<\/span><\/b><b>\u00a0 <\/b><\/p>\n<p><b>Aufstellen eines B\u00fcrocontainers am Kindergarten \u201eSonnenschein\u201c<\/b><\/p>\n<p>Ortsvorsteher J\u00f6rg Albert berichtet, da\u00df auf dem Grundst\u00fcck des Kindergartens \u201eSonnenschein\u201c zur Lagerung von Spielger\u00e4ten ein B\u00fcrocontainer aufgestellt werden soll. Dieser Container wird gebraucht gekauft und soll sp\u00e4testens im Fr\u00fchjahr 2015 aufgestellt werden. Nach der Aufstellung soll der Container mit Holz verkleidet werden.<\/p>\n<p>An den Kosten f\u00fcr Container und Holzverkleidung wird sich der Heimatverein Hausen beteiligen.<\/p>\n<p>Der Ortsbeirat Hausen stimmt einstimmig mit 6 Ja-Stimmen der Aufstellung eines solchen B\u00fcro- \/ Lager-Containers zu.<\/p>\n<p><b><span style=\"text-decoration: underline;\">Tagesordnungspunkt 2:<\/span><\/b><b>\u00a0 Planung Arbeitseinsatz am Samstag, 27.09.2014<\/b><\/p>\n<p>Zur Vorbereitung des Kartoffelfests findet am Samstag, 27.09.2014 ein Arbeitseinsatz statt. Treffen ist um 10.00 Uhr am Feuerwehrhaus in Hausen.<\/p>\n<p>Folgende Arbeiten sollen stehen an:<\/p>\n<p>&#8211; Reparieren und Aufstellen der Marktbuden<\/p>\n<p>&#8211; Aufstellen des Zeltes<\/p>\n<p>&#8211; Aufr\u00e4umen \/ Reinigen Bushaltestelle \/ Plakatwand<\/p>\n<p>Der Ortsbeirat Hausen ruft alle B\u00fcrger auf, diesen Arbeitseinsatz und auch das Kartoffelfest zu unterst\u00fctzen.<\/p>\n<p><b><span style=\"text-decoration: underline;\">Tagesordnungspunkt 3:<\/span><\/b><b> Themen f\u00fcr das Ortsvorstehertreffen am 29.09.2014<\/b><\/p>\n<p>Ortsvorsteher J\u00f6rg Albert berichtet, da\u00df am 29.09.2014 das n\u00e4chste Treffen der Ortsvorsteher der Gemeinde Oberaula stattfinden wird.<\/p>\n<p>Der Ortsbeirat Hausen hat noch folgende Themen, die angesprochen bzw. gekl\u00e4rt werden sollen:<\/p>\n<p>&#8211; Standorte der angeschafften Defibrillatoren<\/p>\n<p>&#8211; M\u00e4harbeiten bzw. Winterdienst auf gemeindlichen Fl\u00e4chen durch ehrenamtlich T\u00e4tige<\/p>\n<p>&#8211; R\u00fcckmeldungen zur Arbeit der Kommission \u201eOberaulaer H\u00e4user\u201c. Es wurde zur<\/p>\n<p>Unterst\u00fctzung der Kommission ein sog. Leerstandskataster aufgestellt. Was ist seither<\/p>\n<p>passiert?<\/p>\n<p>&#8211; generelle R\u00fcckmeldungen der Gemeindeverwaltung zu Kauf- \/ Bebauungs- oder<\/p>\n<p>Aufforstungsantr\u00e4gen, zu denen der Ortsbeirat einen Beschlu\u00df gefasst hat.<\/p>\n<p><b><span style=\"text-decoration: underline;\">Tagesordnungspunkt 4:<\/span><\/b><b> <\/b><\/p>\n<p><b>Sachstandsbericht und Anfragen f\u00fcr nicht erledigte Antr\u00e4ge <\/b><\/p>\n<p>Ortsvorsteher J\u00f6rg Albert informiert, da\u00df u.a. die Infotafel an der Bushaltestelle aufgestellt und die inner\u00f6rtliche Beschilderung installiert wurde.<\/p>\n<p>Im DGH Hausen fehlen 5 Tische. Der Verbleib soll gekl\u00e4rt werden bzw. die fehlenden<\/p>\n<p>5 Tische sollen nachgekauft werden.<\/p>\n<p>Der Sachstandsbericht wird weiter fortgef\u00fchrt.<\/p>\n<p><b><span style=\"text-decoration: underline;\">Tagesordnungspunkt 5:<\/span><\/b><b> Informationen und verschiedenes<\/b><\/p>\n<p>&#8211; Herbert Heinisch gibt f\u00fcr den Theaterverein Hausen bekannt, da\u00df am 13.12.2014<\/p>\n<p>wieder das Weihnachtsst\u00fcck aufgef\u00fchrt werden Soll. Der Vorverkauf der Karten beginnt<\/p>\n<p>am Kartoffelfest am 03.10.2014.<\/p>\n<p>&#8211; Ortsvorsteher J\u00f6rg Albert informiert:<\/p>\n<p>a.) Der Leiterwagen, der zur Dekoration am Saal\/Sportplatz stand, ist nicht mehr<\/p>\n<p>ansehnlich und auch nicht mehr zu reparieren. Ein neuer soll angeschafft werden.<\/p>\n<p>Wer also einen solchen Leiterwagen zu verkaufen oder verschenken hat oder ein<\/p>\n<p>solches Angebot findet, meldet sich bei Ortsvorsteher J\u00f6rg Albert.<\/p>\n<p>b.) Im Bereich der Einm\u00fcndung Olber\u00f6der Stra\u00dfe\/Aulastra\u00dfe (Bushaltestelle am<\/p>\n<p>Sportplatz) soll ein Warnschild \u201eAchtung Kinder\u201c installiert werden.<\/p>\n<p>B\u00fcrgermeister Wagner wird dies veranlassen.<\/p>\n<p>c.) Die Tisch-\/Bank-Kombinationen vom Radweg \/ Ortseingang \/ Maibaumplatz sollen<\/p>\n<p>\u00fcber den Winter in der Schreinerei des Hofgutes aufgearbeitet werden.<\/p>\n<p>&#8211; B\u00fcrgermeister Wagner informiert, da\u00df zur Zeit noch keine Fl\u00fcchtlinge aus den<\/p>\n<p>Krisenregionen in der Gemeinde Oberaula untergebracht sind und ruft dazu auf,<\/p>\n<p>Wohnungen oder H\u00e4user dem Sozialamt des Kreises zu melden. Von privat zur<\/p>\n<p>Verf\u00fcgung gestellte Wohnungen oder H\u00e4user sind Gemeinschaftsunterk\u00fcnften<\/p>\n<p>vorzuziehen. Da die Gemeinde Oberaula nicht \u00fcber geeignete Objekte verf\u00fcgt, m\u00fc\u00dften<\/p>\n<p>im Falle einer Zuweisung durch den Schwalm-Eder-Kreis, Wohncontainer in der<\/p>\n<p>Gemeinde Oberaula aufgestellt werden.<\/p>\n<p>Ende der Sitzung: 21.00 Uhr<\/p>\n<p>gez.<\/p>\n<p>Alexander Erler\u00a0\u00a0\u00a0\u00a0\u00a0\u00a0 \u00a0\u00a0\u00a0\u00a0\u00a0\u00a0\u00a0\u00a0\u00a0\u00a0\u00a0\u00a0\u00a0\u00a0\u00a0\u00a0\u00a0\u00a0\u00a0\u00a0\u00a0\u00a0\u00a0\u00a0\u00a0\u00a0\u00a0\u00a0\u00a0\u00a0\u00a0\u00a0\u00a0\u00a0\u00a0\u00a0\u00a0\u00a0\u00a0\u00a0\u00a0\u00a0\u00a0\u00a0\u00a0\u00a0 \u00a0\u00a0\u00a0\u00a0\u00a0\u00a0\u00a0\u00a0\u00a0\u00a0\u00a0\u00a0\u00a0 J\u00f6rg Albert<\/p>\n<p>(Schriftf\u00fchrer)\u00a0\u00a0\u00a0\u00a0\u00a0\u00a0\u00a0\u00a0\u00a0\u00a0\u00a0\u00a0\u00a0\u00a0\u00a0\u00a0\u00a0\u00a0\u00a0\u00a0\u00a0\u00a0\u00a0\u00a0\u00a0\u00a0\u00a0\u00a0\u00a0\u00a0\u00a0\u00a0\u00a0\u00a0\u00a0\u00a0\u00a0\u00a0\u00a0\u00a0\u00a0\u00a0\u00a0\u00a0\u00a0\u00a0\u00a0\u00a0\u00a0\u00a0\u00a0\u00a0\u00a0\u00a0\u00a0\u00a0\u00a0\u00a0\u00a0\u00a0\u00a0\u00a0\u00a0\u00a0\u00a0\u00a0\u00a0 (Vorsitzender)<\/p>\n","protected":false},"excerpt":{"rendered":"<p>Niederschrift \u00fcber die Sitzung des Ortsbeirates Hausen am 23.09.2014 Anwesende: vom Ortsbeirat: Es fehlten entschuldigt: J\u00f6rg Albert J\u00fcrgen Eckhardt Alexander Erler J\u00fcrgen Hahl Herbert Heinisch Barbara Pollock B\u00e4rbel Hellwig &nbsp; [&hellip;]<\/p>\n","protected":false},"author":2,"featured_media":0,"comment_status":"closed","ping_status":"closed","sticky":false,"template":"","format":"standard","meta":{"_price":"","_stock":"","_tribe_ticket_header":"","_tribe_default_ticket_provider":"","_tribe_ticket_capacity":"0","_ticket_start_date":"","_ticket_end_date":"","_tribe_ticket_show_description":"","_tribe_ticket_show_not_going":false,"_tribe_ticket_use_global_stock":"","_tribe_ticket_global_stock_level":"","_global_stock_mode":"","_global_stock_cap":"","_tribe_rsvp_for_event":"","_tribe_ticket_going_count":"","_tribe_ticket_not_going_count":"","_tribe_tickets_list":"[]","_tribe_ticket_has_attendee_info_fields":false,"footnotes":""},"categories":[2,11],"tags":[],"_links":{"self":[{"href":"https:\/\/hausen-aulatal.de\/index.php?rest_route=\/wp\/v2\/posts\/3183"}],"collection":[{"href":"https:\/\/hausen-aulatal.de\/index.php?rest_route=\/wp\/v2\/posts"}],"about":[{"href":"https:\/\/hausen-aulatal.de\/index.php?rest_route=\/wp\/v2\/types\/post"}],"author":[{"embeddable":true,"href":"https:\/\/hausen-aulatal.de\/index.php?rest_route=\/wp\/v2\/users\/2"}],"replies":[{"embeddable":true,"href":"https:\/\/hausen-aulatal.de\/index.php?rest_route=%2Fwp%2Fv2%2Fcomments&post=3183"}],"version-history":[{"count":1,"href":"https:\/\/hausen-aulatal.de\/index.php?rest_route=\/wp\/v2\/posts\/3183\/revisions"}],"predecessor-version":[{"id":3184,"href":"https:\/\/hausen-aulatal.de\/index.php?rest_route=\/wp\/v2\/posts\/3183\/revisions\/3184"}],"wp:attachment":[{"href":"https:\/\/hausen-aulatal.de\/index.php?rest_route=%2Fwp%2Fv2%2Fmedia&parent=3183"}],"wp:term":[{"taxonomy":"category","embeddable":true,"href":"https:\/\/hausen-aulatal.de\/index.php?rest_route=%2Fwp%2Fv2%2Fcategories&post=3183"},{"taxonomy":"post_tag","embeddable":true,"href":"https:\/\/hausen-aulatal.de\/index.php?rest_route=%2Fwp%2Fv2%2Ftags&post=3183"}],"curies":[{"name":"wp","href":"https:\/\/api.w.org\/{rel}","templated":true}]}}