{"id":760,"date":"2014-04-15T22:15:58","date_gmt":"2014-04-15T20:15:58","guid":{"rendered":"http:\/\/hausen-aulatal.de\/?p=760"},"modified":"2014-04-15T22:15:58","modified_gmt":"2014-04-15T20:15:58","slug":"ostersamstag-in-hausen-markttag-mit-osterfeuer-und-livemusik","status":"publish","type":"post","link":"https:\/\/hausen-aulatal.de\/?p=760","title":{"rendered":"Ostersamstag in Hausen: Markttag mit Osterfeuer und Livemusik"},"content":{"rendered":"<p align=\"center\"><b>Hausener Verein f\u00fcr Heimat und Brauchtum e.V.<\/b><\/p>\n<p>Mittlerweile hat es sich rumgesprochen: Zwei Mal im Jahr ist Markttag in Hausen. Am <b>Ostersamstag<\/b>, dem 19. April, ist es wieder so weit. Nach den gro\u00dfen Erfolgen in den vergangenen Jahren l\u00e4dt der Hausener Verein f\u00fcr Heimat und Brauchtum Besucher aus nah und fern herzlich zum f\u00fcnften Markttag ein. Das Kommen lohnt sich f\u00fcr alt und jung, denn das Angebot ist wieder ein bisschen gewachsen und daher noch attraktiver.<\/p>\n<p>In der Zeit von <b>10.00 Uhr bis 16.00 Uhr<\/b> werden auf dem zentral in der Dorfmitte gelegenen \u201eMarktplatz\u201c, dem Hof und die Scheune der Familie Klinger im Lerchenweg, zahlreiche Anbieter aus der Region verschiedene Waren und Dienstleistungen anbieten: Unter anderem gibt es hausmacher Wurst, frisches Bauernbrot aus dem Backhaus, Blumen, Deko- und Gartenartikel, Honig aus eigener Imkerei, ger\u00e4ucherte Forellen, Schusterhandwerk, Holzfiguren und geh\u00e4kelte Decken und Kissen. Selbstverst\u00e4ndlich ist auch f\u00fcr das leibliche Wohl gesorgt: Es gibt W\u00fcrstchen und Fischbr\u00f6tchen, Crepes und nat\u00fcrlich auch Kaffee und Kuchen sowie kalte Getr\u00e4nke.<\/p>\n<p>Am Abend schlie\u00dflich findet das traditionelle <b>Osterfeuer<\/b> statt, mit dem Winter endg\u00fcltig Lebewohl gesagt wird. Treffpunkt daf\u00fcr ist ebenfalls Klingers Hof im Lerchenweg, bei Einbruch der D\u00e4mmerung wird das Osterfeuer entz\u00fcndet. Auch hier ist f\u00fcr das leibliche Wohl selbstverst\u00e4ndlich bestens gesorgt. Ab 20.00 Uhr kann \u00fcbrigens mit <b>Livemusik<\/b> gefeiert werden: F\u00fcr die richtige Stimmung sorgt die Band \u201eB\u00e4ck To The Future\u201c.<\/p>\n","protected":false},"excerpt":{"rendered":"<p>Hausener Verein f\u00fcr Heimat und Brauchtum e.V. Mittlerweile hat es sich rumgesprochen: Zwei Mal im Jahr ist Markttag in Hausen. Am Ostersamstag, dem 19. April, ist es wieder so weit. [&hellip;]<\/p>\n","protected":false},"author":3,"featured_media":0,"comment_status":"closed","ping_status":"closed","sticky":false,"template":"","format":"standard","meta":{"_price":"","_stock":"","_tribe_ticket_header":"","_tribe_default_ticket_provider":"","_tribe_ticket_capacity":"0","_ticket_start_date":"","_ticket_end_date":"","_tribe_ticket_show_description":"","_tribe_ticket_show_not_going":false,"_tribe_ticket_use_global_stock":"","_tribe_ticket_global_stock_level":"","_global_stock_mode":"","_global_stock_cap":"","_tribe_rsvp_for_event":"","_tribe_ticket_going_count":"","_tribe_ticket_not_going_count":"","_tribe_tickets_list":"[]","_tribe_ticket_has_attendee_info_fields":false,"footnotes":""},"categories":[2],"tags":[],"_links":{"self":[{"href":"https:\/\/hausen-aulatal.de\/index.php?rest_route=\/wp\/v2\/posts\/760"}],"collection":[{"href":"https:\/\/hausen-aulatal.de\/index.php?rest_route=\/wp\/v2\/posts"}],"about":[{"href":"https:\/\/hausen-aulatal.de\/index.php?rest_route=\/wp\/v2\/types\/post"}],"author":[{"embeddable":true,"href":"https:\/\/hausen-aulatal.de\/index.php?rest_route=\/wp\/v2\/users\/3"}],"replies":[{"embeddable":true,"href":"https:\/\/hausen-aulatal.de\/index.php?rest_route=%2Fwp%2Fv2%2Fcomments&post=760"}],"version-history":[{"count":1,"href":"https:\/\/hausen-aulatal.de\/index.php?rest_route=\/wp\/v2\/posts\/760\/revisions"}],"predecessor-version":[{"id":761,"href":"https:\/\/hausen-aulatal.de\/index.php?rest_route=\/wp\/v2\/posts\/760\/revisions\/761"}],"wp:attachment":[{"href":"https:\/\/hausen-aulatal.de\/index.php?rest_route=%2Fwp%2Fv2%2Fmedia&parent=760"}],"wp:term":[{"taxonomy":"category","embeddable":true,"href":"https:\/\/hausen-aulatal.de\/index.php?rest_route=%2Fwp%2Fv2%2Fcategories&post=760"},{"taxonomy":"post_tag","embeddable":true,"href":"https:\/\/hausen-aulatal.de\/index.php?rest_route=%2Fwp%2Fv2%2Ftags&post=760"}],"curies":[{"name":"wp","href":"https:\/\/api.w.org\/{rel}","templated":true}]}}